{"id":11821,"count":43,"description":"<a href=\"https:\/\/www.vallonchene.fr\/wp-content\/uploads\/2023\/11\/Plantes-rares-plantes-de-collection.webp\"><\/a>\n\nEn esta categor\u00eda de nuestro vivero, encontrar\u00e1 una lista no exhaustiva de <strong>plantas raras<\/strong>, a veces tambi\u00e9n llamadas \"<strong>plantas de colecci\u00f3n<\/strong>\", producidas en Vallonch\u00eane. Esta lista no es exhaustiva porque cada jardinero determina su propio nivel de b\u00fasqueda para las plantas de colecci\u00f3n. Por este motivo, no hemos incluido algunas plantas de nuestro vivero, aunque otros puedan considerarlas raras o de colecci\u00f3n. Por lo tanto, le recomendamos <strong><a href=\"https:\/\/www.vallonchene.fr\/categorie-produit\/vente-en-ligne\/pepiniere\/?filter_stock_status=instock\">consultar la disponibilidad de todas nuestras plantas haciendo clic aqu\u00ed<\/a><\/strong>. Si no encuentra la planta que busca, <a href=\"https:\/\/www.vallonchene.fr\/contact\/\"><strong>env\u00edenos un mensaje haciendo clic aqu\u00ed<\/strong><\/a><strong><a href=\"tel:+33235900202\">.<\/a><\/strong>  \n \n\n\n\u00bfPor qu\u00e9 una planta puede ser considerada rara o de colecci\u00f3n?\nUna planta puede ser rara por las siguientes razones:\n\n \tLa planta acaba de ser descubierta. Muchos g\u00e9neros y especies a\u00fan quedan por descubrir en las selvas v\u00edrgenes de nuestro planeta o en lugares remotos y preservados. \n \tLa planta est\u00e1 en peligro de extinci\u00f3n o se ha extinguido en su h\u00e1bitat natural.\n \tLa planta ha sido olvidada a pesar de sus excelentes caracter\u00edsticas. Su cultivo ha dejado de ser com\u00fan, tanto en jardines como en viveros. \n\n\u00bfPor qu\u00e9 incluir plantas raras o de colecci\u00f3n en nuestro jard\u00edn?\nEvidentemente, estas plantas aportan un toque nuevo y excepcional a cualquier jard\u00edn. Sin embargo, coleccionar plantas raras es muy a menudo una contribuci\u00f3n activa a la preservaci\u00f3n de las especies y de la diversidad biol\u00f3gica de nuestro planeta. \u00bfPor qu\u00e9 no animarse a intentarlo?\n  \n\u00bfC\u00f3mo est\u00e1 organizada esta lista?\nHemos decidido no dividir esta lista en subcategor\u00edas como <strong>con\u00edferas<\/strong>, <strong>arbustos<\/strong>, <strong>\u00e1rboles<\/strong>, <strong>plantas perennes<\/strong>, <strong>trepadoras<\/strong>, etc. Se trata simplemente de una lista alfab\u00e9tica.  ","link":"https:\/\/www.vallonchene.fr\/es\/categoria-producto\/venta-en-linea\/vivero\/plantas-raras-plantas-de-coleccion\/","name":"Plantas raras (plantas de colecci\u00f3n)","slug":"plantas-raras-plantas-de-coleccion","taxonomy":"product_cat","parent":11498,"meta":[],"menu_order":0,"yoast_head":"<!-- This site is optimized with the Yoast SEO Premium plugin v27.5 (Yoast SEO v27.5) - https:\/\/yoast.com\/product\/yoast-seo-premium-wordpress\/ -->\n<title>Plantas raras (plantas de colecci\u00f3n) Archives - Vallonch\u00eane<\/title>\n<meta name=\"robots\" content=\"index, follow, max-snippet:-1, max-image-preview:large, max-video-preview:-1\" \/>\n<link rel=\"canonical\" href=\"https:\/\/www.vallonchene.fr\/es\/categoria-producto\/venta-en-linea\/vivero\/plantas-raras-plantas-de-coleccion\/\" \/>\n<meta property=\"og:locale\" content=\"es_ES\" \/>\n<meta property=\"og:type\" content=\"article\" \/>\n<meta property=\"og:title\" content=\"Plantas raras (plantas de colecci\u00f3n) Archives\" \/>\n<meta property=\"og:description\" content=\"En esta categor\u00eda de nuestro vivero, encontrar\u00e1 una lista no exhaustiva de plantas raras, a veces tambi\u00e9n llamadas \u00abplantas de colecci\u00f3n\u00ab, producidas en Vallonch\u00eane. Esta lista no es exhaustiva porque cada jardinero determina su propio nivel de b\u00fasqueda para las plantas de colecci\u00f3n. Por este motivo, no hemos incluido algunas plantas de nuestro vivero, aunque otros puedan considerarlas raras o de colecci\u00f3n. Por lo tanto, le recomendamos consultar la disponibilidad de todas nuestras plantas haciendo clic aqu\u00ed. Si no encuentra la planta que busca, env\u00edenos un mensaje haciendo clic aqu\u00ed.  \u00bfPor qu\u00e9 una planta puede ser considerada rara o de colecci\u00f3n? Una planta puede ser rara por las siguientes razones:  La planta acaba de ser descubierta. Muchos g\u00e9neros y especies a\u00fan quedan por descubrir en las selvas v\u00edrgenes de nuestro planeta o en lugares remotos y preservados.  La planta est\u00e1 en peligro de extinci\u00f3n o se ha extinguido en su h\u00e1bitat natural.  La planta ha sido olvidada a pesar de sus excelentes caracter\u00edsticas. Su cultivo ha dejado de ser com\u00fan, tanto en jardines como en viveros. \u00bfPor qu\u00e9 incluir plantas raras o de colecci\u00f3n en nuestro jard\u00edn? Evidentemente, estas plantas aportan un toque nuevo y excepcional a cualquier jard\u00edn. Sin embargo, coleccionar plantas raras es muy a menudo una contribuci\u00f3n activa a la preservaci\u00f3n de las especies y de la diversidad biol\u00f3gica de nuestro planeta. \u00bfPor qu\u00e9 no animarse a intentarlo? \u00bfC\u00f3mo est\u00e1 organizada esta lista? Hemos decidido no dividir esta lista en subcategor\u00edas como con\u00edferas, arbustos, \u00e1rboles, plantas perennes, trepadoras, etc. Se trata simplemente de una lista alfab\u00e9tica.\" \/>\n<meta property=\"og:url\" content=\"https:\/\/www.vallonchene.fr\/es\/categoria-producto\/venta-en-linea\/vivero\/plantas-raras-plantas-de-coleccion\/\" \/>\n<meta property=\"og:site_name\" content=\"Vallonch\u00eane\" \/>\n<meta name=\"twitter:card\" content=\"summary_large_image\" \/>\n<script type=\"application\/ld+json\" class=\"yoast-schema-graph\">{\"@context\":\"https:\\\/\\\/schema.org\",\"@graph\":[{\"@type\":\"CollectionPage\",\"@id\":\"https:\\\/\\\/www.vallonchene.fr\\\/es\\\/categoria-producto\\\/venta-en-linea\\\/vivero\\\/plantas-raras-plantas-de-coleccion\\\/\",\"url\":\"https:\\\/\\\/www.vallonchene.fr\\\/es\\\/categoria-producto\\\/venta-en-linea\\\/vivero\\\/plantas-raras-plantas-de-coleccion\\\/\",\"name\":\"Plantas raras (plantas de colecci\u00f3n) Archives - Vallonch\u00eane\",\"isPartOf\":{\"@id\":\"https:\\\/\\\/www.vallonchene.fr\\\/es\\\/#website\"},\"breadcrumb\":{\"@id\":\"https:\\\/\\\/www.vallonchene.fr\\\/es\\\/categoria-producto\\\/venta-en-linea\\\/vivero\\\/plantas-raras-plantas-de-coleccion\\\/#breadcrumb\"},\"inLanguage\":\"es\"},{\"@type\":\"BreadcrumbList\",\"@id\":\"https:\\\/\\\/www.vallonchene.fr\\\/es\\\/categoria-producto\\\/venta-en-linea\\\/vivero\\\/plantas-raras-plantas-de-coleccion\\\/#breadcrumb\",\"itemListElement\":[{\"@type\":\"ListItem\",\"position\":1,\"name\":\"Home\",\"item\":\"https:\\\/\\\/www.vallonchene.fr\\\/es\\\/\"},{\"@type\":\"ListItem\",\"position\":2,\"name\":\"Plantas raras (plantas de colecci\u00f3n)\"}]},{\"@type\":\"WebSite\",\"@id\":\"https:\\\/\\\/www.vallonchene.fr\\\/es\\\/#website\",\"url\":\"https:\\\/\\\/www.vallonchene.fr\\\/es\\\/\",\"name\":\"Vallonch\u00eane\",\"description\":\"El vivero donde la calidad tiene sus ra\u00edces \u2013 Tel.: +33 (0)2.35.90.02.02\",\"publisher\":{\"@id\":\"https:\\\/\\\/www.vallonchene.fr\\\/es\\\/#organization\"},\"potentialAction\":[{\"@type\":\"SearchAction\",\"target\":{\"@type\":\"EntryPoint\",\"urlTemplate\":\"https:\\\/\\\/www.vallonchene.fr\\\/es\\\/?s={search_term_string}\"},\"query-input\":{\"@type\":\"PropertyValueSpecification\",\"valueRequired\":true,\"valueName\":\"search_term_string\"}}],\"inLanguage\":\"es\"},{\"@type\":\"Organization\",\"@id\":\"https:\\\/\\\/www.vallonchene.fr\\\/es\\\/#organization\",\"name\":\"VALLONCHENE\",\"url\":\"https:\\\/\\\/www.vallonchene.fr\\\/es\\\/\",\"logo\":{\"@type\":\"ImageObject\",\"inLanguage\":\"es\",\"@id\":\"https:\\\/\\\/www.vallonchene.fr\\\/es\\\/#\\\/schema\\\/logo\\\/image\\\/\",\"url\":\"https:\\\/\\\/www.vallonchene.fr\\\/wp-content\\\/uploads\\\/2023\\\/03\\\/Logo-Vallonchene-site-et-R_hauteur_100.png\",\"contentUrl\":\"https:\\\/\\\/www.vallonchene.fr\\\/wp-content\\\/uploads\\\/2023\\\/03\\\/Logo-Vallonchene-site-et-R_hauteur_100.png\",\"width\":221,\"height\":100,\"caption\":\"VALLONCHENE\"},\"image\":{\"@id\":\"https:\\\/\\\/www.vallonchene.fr\\\/es\\\/#\\\/schema\\\/logo\\\/image\\\/\"},\"sameAs\":[\"https:\\\/\\\/www.facebook.com\\\/vallonchene.fr\",\"https:\\\/\\\/www.instagram.com\\\/vallonchene\\\/\",\"https:\\\/\\\/www.pinterest.fr\\\/vallonchene\\\/\"],\"taxID\":\"49454502300017\",\"hasMerchantReturnPolicy\":{\"@type\":\"MerchantReturnPolicy\",\"merchantReturnLink\":\"https:\\\/\\\/www.vallonchene.fr\\\/remboursements_retours\\\/\"}}]}<\/script>\n<!-- \/ Yoast SEO Premium plugin. -->","yoast_head_json":{"title":"Plantas raras (plantas de colecci\u00f3n) Archives - Vallonch\u00eane","robots":{"index":"index","follow":"follow","max-snippet":"max-snippet:-1","max-image-preview":"max-image-preview:large","max-video-preview":"max-video-preview:-1"},"canonical":"https:\/\/www.vallonchene.fr\/es\/categoria-producto\/venta-en-linea\/vivero\/plantas-raras-plantas-de-coleccion\/","og_locale":"es_ES","og_type":"article","og_title":"Plantas raras (plantas de colecci\u00f3n) Archives","og_description":"En esta categor\u00eda de nuestro vivero, encontrar\u00e1 una lista no exhaustiva de plantas raras, a veces tambi\u00e9n llamadas \u00abplantas de colecci\u00f3n\u00ab, producidas en Vallonch\u00eane. Esta lista no es exhaustiva porque cada jardinero determina su propio nivel de b\u00fasqueda para las plantas de colecci\u00f3n. Por este motivo, no hemos incluido algunas plantas de nuestro vivero, aunque otros puedan considerarlas raras o de colecci\u00f3n. Por lo tanto, le recomendamos consultar la disponibilidad de todas nuestras plantas haciendo clic aqu\u00ed. Si no encuentra la planta que busca, env\u00edenos un mensaje haciendo clic aqu\u00ed.  \u00bfPor qu\u00e9 una planta puede ser considerada rara o de colecci\u00f3n? Una planta puede ser rara por las siguientes razones:  La planta acaba de ser descubierta. Muchos g\u00e9neros y especies a\u00fan quedan por descubrir en las selvas v\u00edrgenes de nuestro planeta o en lugares remotos y preservados.  La planta est\u00e1 en peligro de extinci\u00f3n o se ha extinguido en su h\u00e1bitat natural.  La planta ha sido olvidada a pesar de sus excelentes caracter\u00edsticas. Su cultivo ha dejado de ser com\u00fan, tanto en jardines como en viveros. \u00bfPor qu\u00e9 incluir plantas raras o de colecci\u00f3n en nuestro jard\u00edn? Evidentemente, estas plantas aportan un toque nuevo y excepcional a cualquier jard\u00edn. Sin embargo, coleccionar plantas raras es muy a menudo una contribuci\u00f3n activa a la preservaci\u00f3n de las especies y de la diversidad biol\u00f3gica de nuestro planeta. \u00bfPor qu\u00e9 no animarse a intentarlo? \u00bfC\u00f3mo est\u00e1 organizada esta lista? Hemos decidido no dividir esta lista en subcategor\u00edas como con\u00edferas, arbustos, \u00e1rboles, plantas perennes, trepadoras, etc. Se trata simplemente de una lista alfab\u00e9tica.","og_url":"https:\/\/www.vallonchene.fr\/es\/categoria-producto\/venta-en-linea\/vivero\/plantas-raras-plantas-de-coleccion\/","og_site_name":"Vallonch\u00eane","twitter_card":"summary_large_image","schema":{"@context":"https:\/\/schema.org","@graph":[{"@type":"CollectionPage","@id":"https:\/\/www.vallonchene.fr\/es\/categoria-producto\/venta-en-linea\/vivero\/plantas-raras-plantas-de-coleccion\/","url":"https:\/\/www.vallonchene.fr\/es\/categoria-producto\/venta-en-linea\/vivero\/plantas-raras-plantas-de-coleccion\/","name":"Plantas raras (plantas de colecci\u00f3n) Archives - Vallonch\u00eane","isPartOf":{"@id":"https:\/\/www.vallonchene.fr\/es\/#website"},"breadcrumb":{"@id":"https:\/\/www.vallonchene.fr\/es\/categoria-producto\/venta-en-linea\/vivero\/plantas-raras-plantas-de-coleccion\/#breadcrumb"},"inLanguage":"es"},{"@type":"BreadcrumbList","@id":"https:\/\/www.vallonchene.fr\/es\/categoria-producto\/venta-en-linea\/vivero\/plantas-raras-plantas-de-coleccion\/#breadcrumb","itemListElement":[{"@type":"ListItem","position":1,"name":"Home","item":"https:\/\/www.vallonchene.fr\/es\/"},{"@type":"ListItem","position":2,"name":"Plantas raras (plantas de colecci\u00f3n)"}]},{"@type":"WebSite","@id":"https:\/\/www.vallonchene.fr\/es\/#website","url":"https:\/\/www.vallonchene.fr\/es\/","name":"Vallonch\u00eane","description":"El vivero donde la calidad tiene sus ra\u00edces \u2013 Tel.: +33 (0)2.35.90.02.02","publisher":{"@id":"https:\/\/www.vallonchene.fr\/es\/#organization"},"potentialAction":[{"@type":"SearchAction","target":{"@type":"EntryPoint","urlTemplate":"https:\/\/www.vallonchene.fr\/es\/?s={search_term_string}"},"query-input":{"@type":"PropertyValueSpecification","valueRequired":true,"valueName":"search_term_string"}}],"inLanguage":"es"},{"@type":"Organization","@id":"https:\/\/www.vallonchene.fr\/es\/#organization","name":"VALLONCHENE","url":"https:\/\/www.vallonchene.fr\/es\/","logo":{"@type":"ImageObject","inLanguage":"es","@id":"https:\/\/www.vallonchene.fr\/es\/#\/schema\/logo\/image\/","url":"https:\/\/www.vallonchene.fr\/wp-content\/uploads\/2023\/03\/Logo-Vallonchene-site-et-R_hauteur_100.png","contentUrl":"https:\/\/www.vallonchene.fr\/wp-content\/uploads\/2023\/03\/Logo-Vallonchene-site-et-R_hauteur_100.png","width":221,"height":100,"caption":"VALLONCHENE"},"image":{"@id":"https:\/\/www.vallonchene.fr\/es\/#\/schema\/logo\/image\/"},"sameAs":["https:\/\/www.facebook.com\/vallonchene.fr","https:\/\/www.instagram.com\/vallonchene\/","https:\/\/www.pinterest.fr\/vallonchene\/"],"taxID":"49454502300017","hasMerchantReturnPolicy":{"@type":"MerchantReturnPolicy","merchantReturnLink":"https:\/\/www.vallonchene.fr\/remboursements_retours\/"}}]}},"_links":{"self":[{"href":"https:\/\/www.vallonchene.fr\/es\/wp-json\/wp\/v2\/product_cat\/11821","targetHints":{"allow":["GET"]}}],"collection":[{"href":"https:\/\/www.vallonchene.fr\/es\/wp-json\/wp\/v2\/product_cat"}],"about":[{"href":"https:\/\/www.vallonchene.fr\/es\/wp-json\/wp\/v2\/taxonomies\/product_cat"}],"up":[{"embeddable":true,"href":"https:\/\/www.vallonchene.fr\/es\/wp-json\/wp\/v2\/product_cat\/11498"}],"wp:post_type":[{"href":"https:\/\/www.vallonchene.fr\/es\/wp-json\/wp\/v2\/product?product_cat=11821"}],"curies":[{"name":"wp","href":"https:\/\/api.w.org\/{rel}","templated":true}]}}