{"id":54202,"date":"2025-07-02T15:34:10","date_gmt":"2025-07-02T13:34:10","guid":{"rendered":"https:\/\/www.vallonchene.fr\/?p=54202"},"modified":"2025-07-02T16:18:44","modified_gmt":"2025-07-02T14:18:44","slug":"arboles-de-jardin-aires-acondicionados-naturales-captadores-de-carbono-y-heroes-silenciosos","status":"publish","type":"post","link":"https:\/\/www.vallonchene.fr\/es\/arboles-de-jardin-aires-acondicionados-naturales-captadores-de-carbono-y-heroes-silenciosos\/","title":{"rendered":"Arboles de jard\u00edn: aires acondicionados naturales, captadores de carbono y h\u00e9roes silenciosos"},"content":{"rendered":"\n<p>A medida que las temperaturas globales aumentan y las ciudades se convierten en islas de calor, los \u00e1rboles se revelan como nuestros aliados m\u00e1s elegantes. Refrescan el aire mediante la transpiraci\u00f3n, un proceso por el cual liberan vapor de agua, actuando como un aire acondicionado natural. Un solo \u00e1rbol adulto puede proporcionar un enfriamiento equivalente al de diez aires acondicionados dom\u00e9sticos&#8230; sin consumir un solo kilovatio.  <\/p>\n\n<p>Pero los \u00e1rboles no se detienen ah\u00ed.<\/p>\n\n<h2 class=\"wp-block-heading wp-container-content-d8344436\" id=\"h-chaque-arbre-capture-du-carbone-y-compris-le-votre\">Cada \u00e1rbol captura carbono, incluso el suyo<\/h2>\n\n<p class=\"wp-container-content-d8344436\">Los \u00e1rboles est\u00e1n en primera l\u00ednea en la lucha contra el cambio clim\u00e1tico. Gracias a la fotos\u00edntesis, absorben el di\u00f3xido de carbono (CO\u2082), principal gas de efecto invernadero, y lo almacenan en su tronco, sus ramas, sus hojas e incluso sus ra\u00edces. <\/p>\n\n<ul class=\"wp-block-list\">\n<li>Un \u00e1rbol joven puede absorber hasta <strong>10 kg de CO2 al a\u00f1o<\/strong>, y mucho m\u00e1s a medida que envejece.<\/li>\n\n\n\n<li>Lo almacenan durante <strong>d\u00e9cadas, incluso siglos<\/strong>, actuando como sumideros de carbono a largo plazo.<\/li>\n\n\n\n<li>Incluso los <strong>\u00e1rboles peque\u00f1os del jard\u00edn<\/strong> contribuyen a este esfuerzo medioambiental. Multiplicados en los barrios, su impacto se vuelve significativo. <\/li>\n<\/ul>\n\n<p>S\u00ed, incluso el \u00e1rbol ornamental cerca de su terraza trabaja para la atm\u00f3sfera.<\/p>\n\n<h2 class=\"wp-block-heading\" id=\"h-oui-vous-pouvez-planter-un-arbre-meme-dans-un-petit-jardin\">S\u00ed, puede plantar un \u00e1rbol, incluso en un jard\u00edn peque\u00f1o<\/h2>\n<div class=\"wp-block-image\">\n<figure class=\"alignright size-large is-resized has-custom-border\"><a href=\"https:\/\/www.vallonchene.fr\/wp-content\/uploads\/2025\/07\/Personnes-a-lombre-dun-abre-1024x683.webp\"><img decoding=\"async\" width=\"1024\" height=\"683\" src=\"https:\/\/www.vallonchene.fr\/wp-content\/uploads\/2025\/07\/Personnes-a-lombre-dun-abre-1024x683.webp\" alt=\"\" class=\"wp-image-54166\" style=\"border-radius:100px;width:355px;height:auto\" srcset=\"https:\/\/www.vallonchene.fr\/wp-content\/uploads\/2025\/07\/Personnes-a-lombre-dun-abre-1024x683.webp 1024w, https:\/\/www.vallonchene.fr\/wp-content\/uploads\/2025\/07\/Personnes-a-lombre-dun-abre-300x200.webp 300w, https:\/\/www.vallonchene.fr\/wp-content\/uploads\/2025\/07\/Personnes-a-lombre-dun-abre-768x512.webp 768w, https:\/\/www.vallonchene.fr\/wp-content\/uploads\/2025\/07\/Personnes-a-lombre-dun-abre-416x277.webp 416w, https:\/\/www.vallonchene.fr\/wp-content\/uploads\/2025\/07\/Personnes-a-lombre-dun-abre-64x43.webp 64w, https:\/\/www.vallonchene.fr\/wp-content\/uploads\/2025\/07\/Personnes-a-lombre-dun-abre.webp 1200w\" sizes=\"(max-width: 1024px) 100vw, 1024px\" \/><\/a><\/figure>\n<\/div>\n<p>\u00bfCree que su jard\u00edn es demasiado peque\u00f1o? \u00a1Deseng\u00e1\u00f1ese! Existen muchas especies que prosperan en espacios reducidos, sin superar los 4 o 5 metros de altura, como&#8230; (haga clic para ver).  <\/p>\n\n<ul class=\"wp-block-list\">\n<li><a href=\"https:\/\/www.vallonchene.fr\/producto\/gleditsia-triacanthos-ruby-lace\/\"><strong>GLEDITSIA triacanthos &#8216;Ruby Lace&#8217;<\/strong><\/a><\/li>\n\n\n\n<li><a href=\"https:\/\/www.vallonchene.fr\/producto\/prunus-tai-haku\/\"><strong>PRUNUS &#8216;Tai-Haku&#8217;<\/strong><\/a><\/li>\n\n\n\n<li><a href=\"https:\/\/www.vallonchene.fr\/es\/producto\/juglans-regia-purpurea\/\"><strong>JUGLANS regia &#8216;Purpurea&#8217;<\/strong><\/a><\/li>\n\n\n\n<li><strong><a href=\"https:\/\/www.vallonchene.fr\/producto\/frangula-alnus-aspleniifolia\/\">FRANGULA alnus &#8216;Aspleniifolia&#8217;<\/a><\/strong><\/li>\n\n\n\n<li><a href=\"https:\/\/www.vallonchene.fr\/producto\/parrotia-persica\/\"><strong>PARROTIA persica<\/strong><\/a><\/li>\n<\/ul>\n\n<p><strong>Esta lista no es exhaustiva, no dude en <a href=\"https:\/\/www.vallonchene.fr\/es\/contacto\/\">enviarnos un mensaje<\/a><\/strong> para que podamos encontrar un \u00e1rbol perfectamente adaptado a su jard\u00edn.<\/p>\n\n<p>Estos \u00e1rboles pueden prosperar en peque\u00f1os rincones de tierra o en macetas grandes, al mismo tiempo que ofrecen sombra, estructura y biodiversidad. <\/p>\n\n<h2 class=\"wp-block-heading\" id=\"h-n-ayez-pas-peur-des-racines-demystifions-les-idees-recues\">No tengan miedo a las ra\u00edces: desmitifiquemos las ideas preconcebidas<\/h2>\n\n<p>En realidad, existe la creencia de que las ra\u00edces de los \u00e1rboles destruyen las canalizaciones o agrietan los cimientos. Sin embargo: <\/p>\n\n<ul class=\"wp-block-list\">\n<li>La mayor\u00eda de las ra\u00edces se desarrollan en los primeros <strong>30 a 50 cent\u00edmetros<\/strong> del suelo, en anchura m\u00e1s que en profundidad.<\/li>\n\n\n\n<li>Las ra\u00edces no rompen las tuber\u00edas, siguen la humedad. Las canalizaciones en buen estado no corren ning\u00fan riesgo. <\/li>\n\n\n\n<li>La envergadura de las ra\u00edces suele ser <strong>proporcional al tama\u00f1o del \u00e1rbol<\/strong>, y las ra\u00edces m\u00e1s alejadas son <strong>finas y flexibles<\/strong>, no gruesas ni destructivas.<\/li>\n<\/ul>\n\n<p>Con un poco de sentido com\u00fan, las ra\u00edces no representan ning\u00fan problema.<\/p>\n\n<h2 class=\"wp-block-heading\" id=\"h-votre-jardin-votre-heritage\">Su jardin, su legado<\/h2>\n\n<p>Plantar un \u00e1rbol es mucho m\u00e1s que hacer jardiner\u00eda: es un acto concreto por el clima. Los \u00e1rboles: <\/p>\n\n<ul class=\"wp-block-list\">\n<li>Refrescan nuestros barrios.<\/li>\n\n\n\n<li>Purifican el aire.<\/li>\n\n\n\n<li>Capturan el carbono.<\/li>\n\n\n\n<li>Fomentan la biodiversidad.<\/li>\n\n\n\n<li>Proporcionan sombra, calma, privacidad y belleza.<\/li>\n<\/ul>\n\n<p>Y todo eso puede comenzar en un espacio de apenas 5 m\u00b2 o en una gran maceta sobre un balc\u00f3n.<\/p>\n\n<h2 class=\"wp-block-heading\" id=\"h-l-arbre-d-a-cote-peut-sauver-la-planete\">El \u00e1rbol de al lado puede salvar el planeta<\/h2>\n\n<p>Imagine cada peque\u00f1o jard\u00edn con un \u00e1rbol. Imagine barrios conectados por follajes, sombra, cantos de aves y ra\u00edces que almacenan carbono. <\/p>\n\n<p>Plantar un \u00e1rbol no es solo un pasatiempo, es una revoluci\u00f3n silenciosa.<\/p>\n\n<p>Entonces\u2026 \u00bfqu\u00e9 va a plantar este a\u00f1o?<\/p>\n","protected":false},"excerpt":{"rendered":"<p>A medida que las temperaturas globales aumentan y las ciudades se convierten en islas de calor, los \u00e1rboles se revelan como nuestros aliados m\u00e1s elegantes. Refrescan el aire mediante la transpiraci\u00f3n, un proceso por el cual liberan vapor de agua, actuando como un aire acondicionado natural. Un solo \u00e1rbol adulto puede proporcionar un enfriamiento equivalente [&hellip;]<\/p>\n","protected":false},"author":1,"featured_media":54176,"comment_status":"open","ping_status":"open","sticky":false,"template":"","format":"standard","meta":{"footnotes":""},"categories":[12600,11469],"tags":[],"class_list":["post-54202","post","type-post","status-publish","format-standard","has-post-thumbnail","hentry","category-jardineria-y-vida-natural","category-sin-categorizar"],"yoast_head":"<!-- This site is optimized with the Yoast SEO Premium plugin v27.4 (Yoast SEO v27.4) - https:\/\/yoast.com\/product\/yoast-seo-premium-wordpress\/ -->\n<title>Arboles de jard\u00edn: aires acondicionados naturales, captadores de carbono y h\u00e9roes silenciosos - Vallonch\u00eane<\/title>\n<meta name=\"robots\" content=\"index, follow, max-snippet:-1, max-image-preview:large, max-video-preview:-1\" \/>\n<link rel=\"canonical\" href=\"https:\/\/www.vallonchene.fr\/es\/arboles-de-jardin-aires-acondicionados-naturales-captadores-de-carbono-y-heroes-silenciosos\/\" \/>\n<meta property=\"og:locale\" content=\"es_ES\" \/>\n<meta property=\"og:type\" content=\"article\" \/>\n<meta property=\"og:title\" content=\"Arboles de jard\u00edn: aires acondicionados naturales, captadores de carbono y h\u00e9roes silenciosos\" \/>\n<meta property=\"og:description\" content=\"A medida que las temperaturas globales aumentan y las ciudades se convierten en islas de calor, los \u00e1rboles se revelan como nuestros aliados m\u00e1s elegantes. Refrescan el aire mediante la transpiraci\u00f3n, un proceso por el cual liberan vapor de agua, actuando como un aire acondicionado natural. Un solo \u00e1rbol adulto puede proporcionar un enfriamiento equivalente [&hellip;]\" \/>\n<meta property=\"og:url\" content=\"https:\/\/www.vallonchene.fr\/es\/arboles-de-jardin-aires-acondicionados-naturales-captadores-de-carbono-y-heroes-silenciosos\/\" \/>\n<meta property=\"og:site_name\" content=\"Vallonch\u00eane\" \/>\n<meta property=\"article:publisher\" content=\"https:\/\/www.facebook.com\/vallonchene.fr\" \/>\n<meta property=\"article:author\" content=\"https:\/\/www.facebook.com\/vallonchene.fr\" \/>\n<meta property=\"article:published_time\" content=\"2025-07-02T13:34:10+00:00\" \/>\n<meta property=\"article:modified_time\" content=\"2025-07-02T14:18:44+00:00\" \/>\n<meta property=\"og:image\" content=\"https:\/\/www.vallonchene.fr\/wp-content\/uploads\/2025\/07\/PARROTIA-persica_03.webp\" \/>\n\t<meta property=\"og:image:width\" content=\"1200\" \/>\n\t<meta property=\"og:image:height\" content=\"399\" \/>\n\t<meta property=\"og:image:type\" content=\"image\/webp\" \/>\n<meta name=\"author\" content=\"Vallonch\u00eane\" \/>\n<meta name=\"twitter:card\" content=\"summary_large_image\" \/>\n<meta name=\"twitter:label1\" content=\"Escrito por\" \/>\n\t<meta name=\"twitter:data1\" content=\"Vallonch\u00eane\" \/>\n\t<meta name=\"twitter:label2\" content=\"Tiempo de lectura\" \/>\n\t<meta name=\"twitter:data2\" content=\"3 minutos\" \/>\n<script type=\"application\/ld+json\" class=\"yoast-schema-graph\">{\"@context\":\"https:\\\/\\\/schema.org\",\"@graph\":[{\"@type\":\"Article\",\"@id\":\"https:\\\/\\\/www.vallonchene.fr\\\/es\\\/arboles-de-jardin-aires-acondicionados-naturales-captadores-de-carbono-y-heroes-silenciosos\\\/#article\",\"isPartOf\":{\"@id\":\"https:\\\/\\\/www.vallonchene.fr\\\/es\\\/arboles-de-jardin-aires-acondicionados-naturales-captadores-de-carbono-y-heroes-silenciosos\\\/\"},\"author\":{\"name\":\"Vallonch\u00eane\",\"@id\":\"https:\\\/\\\/www.vallonchene.fr\\\/es\\\/#\\\/schema\\\/person\\\/e0333176b10d7aea832c0f881bce1ea9\"},\"headline\":\"Arboles de jard\u00edn: aires acondicionados naturales, captadores de carbono y h\u00e9roes silenciosos\",\"datePublished\":\"2025-07-02T13:34:10+00:00\",\"dateModified\":\"2025-07-02T14:18:44+00:00\",\"mainEntityOfPage\":{\"@id\":\"https:\\\/\\\/www.vallonchene.fr\\\/es\\\/arboles-de-jardin-aires-acondicionados-naturales-captadores-de-carbono-y-heroes-silenciosos\\\/\"},\"wordCount\":557,\"commentCount\":0,\"publisher\":{\"@id\":\"https:\\\/\\\/www.vallonchene.fr\\\/es\\\/#organization\"},\"image\":{\"@id\":\"https:\\\/\\\/www.vallonchene.fr\\\/es\\\/arboles-de-jardin-aires-acondicionados-naturales-captadores-de-carbono-y-heroes-silenciosos\\\/#primaryimage\"},\"thumbnailUrl\":\"https:\\\/\\\/www.vallonchene.fr\\\/wp-content\\\/uploads\\\/2025\\\/07\\\/PARROTIA-persica_03.webp\",\"articleSection\":[\"Jardiner\u00eda y Vida Natural\",\"Sin categorizar\"],\"inLanguage\":\"es\",\"potentialAction\":[{\"@type\":\"CommentAction\",\"name\":\"Comment\",\"target\":[\"https:\\\/\\\/www.vallonchene.fr\\\/es\\\/arboles-de-jardin-aires-acondicionados-naturales-captadores-de-carbono-y-heroes-silenciosos\\\/#respond\"]}]},{\"@type\":\"WebPage\",\"@id\":\"https:\\\/\\\/www.vallonchene.fr\\\/es\\\/arboles-de-jardin-aires-acondicionados-naturales-captadores-de-carbono-y-heroes-silenciosos\\\/\",\"url\":\"https:\\\/\\\/www.vallonchene.fr\\\/es\\\/arboles-de-jardin-aires-acondicionados-naturales-captadores-de-carbono-y-heroes-silenciosos\\\/\",\"name\":\"Arboles de jard\u00edn: aires acondicionados naturales, captadores de carbono y h\u00e9roes silenciosos - Vallonch\u00eane\",\"isPartOf\":{\"@id\":\"https:\\\/\\\/www.vallonchene.fr\\\/es\\\/#website\"},\"primaryImageOfPage\":{\"@id\":\"https:\\\/\\\/www.vallonchene.fr\\\/es\\\/arboles-de-jardin-aires-acondicionados-naturales-captadores-de-carbono-y-heroes-silenciosos\\\/#primaryimage\"},\"image\":{\"@id\":\"https:\\\/\\\/www.vallonchene.fr\\\/es\\\/arboles-de-jardin-aires-acondicionados-naturales-captadores-de-carbono-y-heroes-silenciosos\\\/#primaryimage\"},\"thumbnailUrl\":\"https:\\\/\\\/www.vallonchene.fr\\\/wp-content\\\/uploads\\\/2025\\\/07\\\/PARROTIA-persica_03.webp\",\"datePublished\":\"2025-07-02T13:34:10+00:00\",\"dateModified\":\"2025-07-02T14:18:44+00:00\",\"breadcrumb\":{\"@id\":\"https:\\\/\\\/www.vallonchene.fr\\\/es\\\/arboles-de-jardin-aires-acondicionados-naturales-captadores-de-carbono-y-heroes-silenciosos\\\/#breadcrumb\"},\"inLanguage\":\"es\",\"potentialAction\":[{\"@type\":\"ReadAction\",\"target\":[\"https:\\\/\\\/www.vallonchene.fr\\\/es\\\/arboles-de-jardin-aires-acondicionados-naturales-captadores-de-carbono-y-heroes-silenciosos\\\/\"]}]},{\"@type\":\"ImageObject\",\"inLanguage\":\"es\",\"@id\":\"https:\\\/\\\/www.vallonchene.fr\\\/es\\\/arboles-de-jardin-aires-acondicionados-naturales-captadores-de-carbono-y-heroes-silenciosos\\\/#primaryimage\",\"url\":\"https:\\\/\\\/www.vallonchene.fr\\\/wp-content\\\/uploads\\\/2025\\\/07\\\/PARROTIA-persica_03.webp\",\"contentUrl\":\"https:\\\/\\\/www.vallonchene.fr\\\/wp-content\\\/uploads\\\/2025\\\/07\\\/PARROTIA-persica_03.webp\",\"width\":1200,\"height\":399,\"caption\":\"Follaje de PARROTIA persica en oto\u00f1o\"},{\"@type\":\"BreadcrumbList\",\"@id\":\"https:\\\/\\\/www.vallonchene.fr\\\/es\\\/arboles-de-jardin-aires-acondicionados-naturales-captadores-de-carbono-y-heroes-silenciosos\\\/#breadcrumb\",\"itemListElement\":[{\"@type\":\"ListItem\",\"position\":1,\"name\":\"Home\",\"item\":\"https:\\\/\\\/www.vallonchene.fr\\\/es\\\/\"},{\"@type\":\"ListItem\",\"position\":2,\"name\":\"Publicaciones\",\"item\":\"https:\\\/\\\/www.vallonchene.fr\\\/es\\\/category\\\/publicaciones\\\/\"},{\"@type\":\"ListItem\",\"position\":3,\"name\":\"Jardiner\u00eda y Vida Natural\",\"item\":\"https:\\\/\\\/www.vallonchene.fr\\\/es\\\/category\\\/publicaciones\\\/jardineria-y-vida-natural\\\/\"},{\"@type\":\"ListItem\",\"position\":4,\"name\":\"Arboles de jard\u00edn: aires acondicionados naturales, captadores de carbono y h\u00e9roes silenciosos\"}]},{\"@type\":\"WebSite\",\"@id\":\"https:\\\/\\\/www.vallonchene.fr\\\/es\\\/#website\",\"url\":\"https:\\\/\\\/www.vallonchene.fr\\\/es\\\/\",\"name\":\"Vallonch\u00eane\",\"description\":\"El vivero donde la calidad tiene sus ra\u00edces \u2013 Tel.: +33 (0)2.35.90.02.02\",\"publisher\":{\"@id\":\"https:\\\/\\\/www.vallonchene.fr\\\/es\\\/#organization\"},\"potentialAction\":[{\"@type\":\"SearchAction\",\"target\":{\"@type\":\"EntryPoint\",\"urlTemplate\":\"https:\\\/\\\/www.vallonchene.fr\\\/es\\\/?s={search_term_string}\"},\"query-input\":{\"@type\":\"PropertyValueSpecification\",\"valueRequired\":true,\"valueName\":\"search_term_string\"}}],\"inLanguage\":\"es\"},{\"@type\":\"Organization\",\"@id\":\"https:\\\/\\\/www.vallonchene.fr\\\/es\\\/#organization\",\"name\":\"VALLONCHENE\",\"url\":\"https:\\\/\\\/www.vallonchene.fr\\\/es\\\/\",\"logo\":{\"@type\":\"ImageObject\",\"inLanguage\":\"es\",\"@id\":\"https:\\\/\\\/www.vallonchene.fr\\\/es\\\/#\\\/schema\\\/logo\\\/image\\\/\",\"url\":\"https:\\\/\\\/www.vallonchene.fr\\\/wp-content\\\/uploads\\\/2023\\\/03\\\/Logo-Vallonchene-site-et-R_hauteur_100.png\",\"contentUrl\":\"https:\\\/\\\/www.vallonchene.fr\\\/wp-content\\\/uploads\\\/2023\\\/03\\\/Logo-Vallonchene-site-et-R_hauteur_100.png\",\"width\":221,\"height\":100,\"caption\":\"VALLONCHENE\"},\"image\":{\"@id\":\"https:\\\/\\\/www.vallonchene.fr\\\/es\\\/#\\\/schema\\\/logo\\\/image\\\/\"},\"sameAs\":[\"https:\\\/\\\/www.facebook.com\\\/vallonchene.fr\",\"https:\\\/\\\/www.instagram.com\\\/vallonchene\\\/\",\"https:\\\/\\\/www.pinterest.fr\\\/vallonchene\\\/\"],\"taxID\":\"49454502300017\",\"hasMerchantReturnPolicy\":{\"@type\":\"MerchantReturnPolicy\",\"merchantReturnLink\":\"https:\\\/\\\/www.vallonchene.fr\\\/remboursements_retours\\\/\"}},{\"@type\":\"Person\",\"@id\":\"https:\\\/\\\/www.vallonchene.fr\\\/es\\\/#\\\/schema\\\/person\\\/e0333176b10d7aea832c0f881bce1ea9\",\"name\":\"Vallonch\u00eane\",\"sameAs\":[\"https:\\\/\\\/www.vallonchene.fr\\\/\",\"https:\\\/\\\/www.facebook.com\\\/vallonchene.fr\",\"https:\\\/\\\/www.instagram.com\\\/vallonchene\\\/\",\"https:\\\/\\\/www.pinterest.fr\\\/vallonchene\\\/\"],\"url\":\"https:\\\/\\\/www.vallonchene.fr\\\/es\\\/author\\\/vallonchene\\\/\"}]}<\/script>\n<!-- \/ Yoast SEO Premium plugin. -->","yoast_head_json":{"title":"Arboles de jard\u00edn: aires acondicionados naturales, captadores de carbono y h\u00e9roes silenciosos - Vallonch\u00eane","robots":{"index":"index","follow":"follow","max-snippet":"max-snippet:-1","max-image-preview":"max-image-preview:large","max-video-preview":"max-video-preview:-1"},"canonical":"https:\/\/www.vallonchene.fr\/es\/arboles-de-jardin-aires-acondicionados-naturales-captadores-de-carbono-y-heroes-silenciosos\/","og_locale":"es_ES","og_type":"article","og_title":"Arboles de jard\u00edn: aires acondicionados naturales, captadores de carbono y h\u00e9roes silenciosos","og_description":"A medida que las temperaturas globales aumentan y las ciudades se convierten en islas de calor, los \u00e1rboles se revelan como nuestros aliados m\u00e1s elegantes. Refrescan el aire mediante la transpiraci\u00f3n, un proceso por el cual liberan vapor de agua, actuando como un aire acondicionado natural. Un solo \u00e1rbol adulto puede proporcionar un enfriamiento equivalente [&hellip;]","og_url":"https:\/\/www.vallonchene.fr\/es\/arboles-de-jardin-aires-acondicionados-naturales-captadores-de-carbono-y-heroes-silenciosos\/","og_site_name":"Vallonch\u00eane","article_publisher":"https:\/\/www.facebook.com\/vallonchene.fr","article_author":"https:\/\/www.facebook.com\/vallonchene.fr","article_published_time":"2025-07-02T13:34:10+00:00","article_modified_time":"2025-07-02T14:18:44+00:00","og_image":[{"width":1200,"height":399,"url":"https:\/\/www.vallonchene.fr\/wp-content\/uploads\/2025\/07\/PARROTIA-persica_03.webp","type":"image\/webp"}],"author":"Vallonch\u00eane","twitter_card":"summary_large_image","twitter_misc":{"Escrito por":"Vallonch\u00eane","Tiempo de lectura":"3 minutos"},"schema":{"@context":"https:\/\/schema.org","@graph":[{"@type":"Article","@id":"https:\/\/www.vallonchene.fr\/es\/arboles-de-jardin-aires-acondicionados-naturales-captadores-de-carbono-y-heroes-silenciosos\/#article","isPartOf":{"@id":"https:\/\/www.vallonchene.fr\/es\/arboles-de-jardin-aires-acondicionados-naturales-captadores-de-carbono-y-heroes-silenciosos\/"},"author":{"name":"Vallonch\u00eane","@id":"https:\/\/www.vallonchene.fr\/es\/#\/schema\/person\/e0333176b10d7aea832c0f881bce1ea9"},"headline":"Arboles de jard\u00edn: aires acondicionados naturales, captadores de carbono y h\u00e9roes silenciosos","datePublished":"2025-07-02T13:34:10+00:00","dateModified":"2025-07-02T14:18:44+00:00","mainEntityOfPage":{"@id":"https:\/\/www.vallonchene.fr\/es\/arboles-de-jardin-aires-acondicionados-naturales-captadores-de-carbono-y-heroes-silenciosos\/"},"wordCount":557,"commentCount":0,"publisher":{"@id":"https:\/\/www.vallonchene.fr\/es\/#organization"},"image":{"@id":"https:\/\/www.vallonchene.fr\/es\/arboles-de-jardin-aires-acondicionados-naturales-captadores-de-carbono-y-heroes-silenciosos\/#primaryimage"},"thumbnailUrl":"https:\/\/www.vallonchene.fr\/wp-content\/uploads\/2025\/07\/PARROTIA-persica_03.webp","articleSection":["Jardiner\u00eda y Vida Natural","Sin categorizar"],"inLanguage":"es","potentialAction":[{"@type":"CommentAction","name":"Comment","target":["https:\/\/www.vallonchene.fr\/es\/arboles-de-jardin-aires-acondicionados-naturales-captadores-de-carbono-y-heroes-silenciosos\/#respond"]}]},{"@type":"WebPage","@id":"https:\/\/www.vallonchene.fr\/es\/arboles-de-jardin-aires-acondicionados-naturales-captadores-de-carbono-y-heroes-silenciosos\/","url":"https:\/\/www.vallonchene.fr\/es\/arboles-de-jardin-aires-acondicionados-naturales-captadores-de-carbono-y-heroes-silenciosos\/","name":"Arboles de jard\u00edn: aires acondicionados naturales, captadores de carbono y h\u00e9roes silenciosos - Vallonch\u00eane","isPartOf":{"@id":"https:\/\/www.vallonchene.fr\/es\/#website"},"primaryImageOfPage":{"@id":"https:\/\/www.vallonchene.fr\/es\/arboles-de-jardin-aires-acondicionados-naturales-captadores-de-carbono-y-heroes-silenciosos\/#primaryimage"},"image":{"@id":"https:\/\/www.vallonchene.fr\/es\/arboles-de-jardin-aires-acondicionados-naturales-captadores-de-carbono-y-heroes-silenciosos\/#primaryimage"},"thumbnailUrl":"https:\/\/www.vallonchene.fr\/wp-content\/uploads\/2025\/07\/PARROTIA-persica_03.webp","datePublished":"2025-07-02T13:34:10+00:00","dateModified":"2025-07-02T14:18:44+00:00","breadcrumb":{"@id":"https:\/\/www.vallonchene.fr\/es\/arboles-de-jardin-aires-acondicionados-naturales-captadores-de-carbono-y-heroes-silenciosos\/#breadcrumb"},"inLanguage":"es","potentialAction":[{"@type":"ReadAction","target":["https:\/\/www.vallonchene.fr\/es\/arboles-de-jardin-aires-acondicionados-naturales-captadores-de-carbono-y-heroes-silenciosos\/"]}]},{"@type":"ImageObject","inLanguage":"es","@id":"https:\/\/www.vallonchene.fr\/es\/arboles-de-jardin-aires-acondicionados-naturales-captadores-de-carbono-y-heroes-silenciosos\/#primaryimage","url":"https:\/\/www.vallonchene.fr\/wp-content\/uploads\/2025\/07\/PARROTIA-persica_03.webp","contentUrl":"https:\/\/www.vallonchene.fr\/wp-content\/uploads\/2025\/07\/PARROTIA-persica_03.webp","width":1200,"height":399,"caption":"Follaje de PARROTIA persica en oto\u00f1o"},{"@type":"BreadcrumbList","@id":"https:\/\/www.vallonchene.fr\/es\/arboles-de-jardin-aires-acondicionados-naturales-captadores-de-carbono-y-heroes-silenciosos\/#breadcrumb","itemListElement":[{"@type":"ListItem","position":1,"name":"Home","item":"https:\/\/www.vallonchene.fr\/es\/"},{"@type":"ListItem","position":2,"name":"Publicaciones","item":"https:\/\/www.vallonchene.fr\/es\/category\/publicaciones\/"},{"@type":"ListItem","position":3,"name":"Jardiner\u00eda y Vida Natural","item":"https:\/\/www.vallonchene.fr\/es\/category\/publicaciones\/jardineria-y-vida-natural\/"},{"@type":"ListItem","position":4,"name":"Arboles de jard\u00edn: aires acondicionados naturales, captadores de carbono y h\u00e9roes silenciosos"}]},{"@type":"WebSite","@id":"https:\/\/www.vallonchene.fr\/es\/#website","url":"https:\/\/www.vallonchene.fr\/es\/","name":"Vallonch\u00eane","description":"El vivero donde la calidad tiene sus ra\u00edces \u2013 Tel.: +33 (0)2.35.90.02.02","publisher":{"@id":"https:\/\/www.vallonchene.fr\/es\/#organization"},"potentialAction":[{"@type":"SearchAction","target":{"@type":"EntryPoint","urlTemplate":"https:\/\/www.vallonchene.fr\/es\/?s={search_term_string}"},"query-input":{"@type":"PropertyValueSpecification","valueRequired":true,"valueName":"search_term_string"}}],"inLanguage":"es"},{"@type":"Organization","@id":"https:\/\/www.vallonchene.fr\/es\/#organization","name":"VALLONCHENE","url":"https:\/\/www.vallonchene.fr\/es\/","logo":{"@type":"ImageObject","inLanguage":"es","@id":"https:\/\/www.vallonchene.fr\/es\/#\/schema\/logo\/image\/","url":"https:\/\/www.vallonchene.fr\/wp-content\/uploads\/2023\/03\/Logo-Vallonchene-site-et-R_hauteur_100.png","contentUrl":"https:\/\/www.vallonchene.fr\/wp-content\/uploads\/2023\/03\/Logo-Vallonchene-site-et-R_hauteur_100.png","width":221,"height":100,"caption":"VALLONCHENE"},"image":{"@id":"https:\/\/www.vallonchene.fr\/es\/#\/schema\/logo\/image\/"},"sameAs":["https:\/\/www.facebook.com\/vallonchene.fr","https:\/\/www.instagram.com\/vallonchene\/","https:\/\/www.pinterest.fr\/vallonchene\/"],"taxID":"49454502300017","hasMerchantReturnPolicy":{"@type":"MerchantReturnPolicy","merchantReturnLink":"https:\/\/www.vallonchene.fr\/remboursements_retours\/"}},{"@type":"Person","@id":"https:\/\/www.vallonchene.fr\/es\/#\/schema\/person\/e0333176b10d7aea832c0f881bce1ea9","name":"Vallonch\u00eane","sameAs":["https:\/\/www.vallonchene.fr\/","https:\/\/www.facebook.com\/vallonchene.fr","https:\/\/www.instagram.com\/vallonchene\/","https:\/\/www.pinterest.fr\/vallonchene\/"],"url":"https:\/\/www.vallonchene.fr\/es\/author\/vallonchene\/"}]}},"_links":{"self":[{"href":"https:\/\/www.vallonchene.fr\/es\/wp-json\/wp\/v2\/posts\/54202","targetHints":{"allow":["GET"]}}],"collection":[{"href":"https:\/\/www.vallonchene.fr\/es\/wp-json\/wp\/v2\/posts"}],"about":[{"href":"https:\/\/www.vallonchene.fr\/es\/wp-json\/wp\/v2\/types\/post"}],"author":[{"embeddable":true,"href":"https:\/\/www.vallonchene.fr\/es\/wp-json\/wp\/v2\/users\/1"}],"replies":[{"embeddable":true,"href":"https:\/\/www.vallonchene.fr\/es\/wp-json\/wp\/v2\/comments?post=54202"}],"version-history":[{"count":0,"href":"https:\/\/www.vallonchene.fr\/es\/wp-json\/wp\/v2\/posts\/54202\/revisions"}],"wp:featuredmedia":[{"embeddable":true,"href":"https:\/\/www.vallonchene.fr\/es\/wp-json\/wp\/v2\/media\/54176"}],"wp:attachment":[{"href":"https:\/\/www.vallonchene.fr\/es\/wp-json\/wp\/v2\/media?parent=54202"}],"wp:term":[{"taxonomy":"category","embeddable":true,"href":"https:\/\/www.vallonchene.fr\/es\/wp-json\/wp\/v2\/categories?post=54202"},{"taxonomy":"post_tag","embeddable":true,"href":"https:\/\/www.vallonchene.fr\/es\/wp-json\/wp\/v2\/tags?post=54202"}],"curies":[{"name":"wp","href":"https:\/\/api.w.org\/{rel}","templated":true}]}}