{"id":264,"count":399,"description":"<p>Wenn man einen Garten mit einer Kathedrale vergleicht, dann k\u00f6nnen die <strong>Stauden<\/strong> im Garten als die bunten Glasfenster bezeichnet werden. Der Ausdruck \"Stauden\" schlie\u00dft eine unvorstellbare gro\u00dfe Anzahl von Pflanzen mit ein, wie z. B. <strong>Gr\u00e4ser<\/strong>, <strong>Heuchera<\/strong>, <strong>Hosta<\/strong>, <strong>Christrosen<\/strong>, <strong>Phlox<\/strong>, <strong>Sempervivum<\/strong> (<strong>Dachwurz<\/strong>), <strong>Sedum<\/strong> und viele mehr. Auch wenn Stauden oft k\u00e4ltebest\u00e4nding und einfach zu pflegen sind, ist est wichtig NICHT zu kleine sondern gr\u00f6ssere Pflanzen zu kaufen, die widerstandsf\u00e4higer sind. Darum haben wir uns auf Vallonch\u00eane\u00df darauf spezialisiert, gro\u00dfe Stauden zu produzieren (auch die, die wir \u00fcber das Internet verkaufen). Die Topfgr\u00f6\u00dfe ist am Anfang jeder Pflanzenbeschreibung zu finden. Sie sollten sehr vorsichtig sein beim Kauf von kleinen Stauden, da sie sehr schnell an Wassermangel leiden k\u00f6nnen und oft nur schwer zum wachsen zu bringen sind. Man glaubt eine Ersparnis beim Kauf von kleinen Stauden zu machen und f\u00e4ngt dann wirklich an zu bezahlen, wenn man die ersten Pflanzen verliert.<\/p>\n<p>Die Stauden werden in unser Produktionsprogramm nur dann aufgenommen, wenn sie absolut <strong>winterhart<\/strong>, <strong>ausgefallen<\/strong> oder <strong>selten<\/strong> sind (insbesondere bez\u00fcglich <strong>Bl\u00fbtenfarbe<\/strong>, <strong>Laubfarbe<\/strong>, <strong>Form<\/strong>, <strong>Fr\u00fcchte<\/strong>...).<\/p>","link":"https:\/\/www.vallonchene.fr\/de\/produkt-kategorie\/online-verkauf-de\/baumschule-gaertnerei-de\/stauden-de\/","name":"Stauden","slug":"stauden-de","taxonomy":"product_cat","parent":228,"meta":[],"menu_order":0,"yoast_head":"<!-- This site is optimized with the Yoast SEO Premium plugin v27.5 (Yoast SEO v27.5) - https:\/\/yoast.com\/product\/yoast-seo-premium-wordpress\/ -->\n<title>Stauden - Heuchera, Hosta, Gr\u00e4ser, Phlox, Sempervivum, ...<\/title>\n<meta name=\"description\" content=\"Wenn man einen Garten mit einer Kathedrale vergleicht, dann k\u00f6nnen die Stauden im Garten als die bunten Glasfenster bezeichnet werden. Der Ausdruck &quot;Stauden&quot; sc\" \/>\n<meta name=\"robots\" content=\"index, follow, max-snippet:-1, max-image-preview:large, max-video-preview:-1\" \/>\n<link rel=\"canonical\" href=\"https:\/\/www.vallonchene.fr\/de\/produkt-kategorie\/online-verkauf-de\/baumschule-gaertnerei-de\/stauden-de\/\" \/>\n<meta property=\"og:locale\" content=\"de_DE\" \/>\n<meta property=\"og:type\" content=\"article\" \/>\n<meta property=\"og:title\" content=\"Stauden Archives\" \/>\n<meta property=\"og:description\" content=\"Wenn man einen Garten mit einer Kathedrale vergleicht, dann k\u00f6nnen die Stauden im Garten als die bunten Glasfenster bezeichnet werden. Der Ausdruck &quot;Stauden&quot; sc\" \/>\n<meta property=\"og:url\" content=\"https:\/\/www.vallonchene.fr\/de\/produkt-kategorie\/online-verkauf-de\/baumschule-gaertnerei-de\/stauden-de\/\" \/>\n<meta property=\"og:site_name\" content=\"Vallonch\u00eane\" \/>\n<meta name=\"twitter:card\" content=\"summary_large_image\" \/>\n<script type=\"application\/ld+json\" class=\"yoast-schema-graph\">{\"@context\":\"https:\\\/\\\/schema.org\",\"@graph\":[{\"@type\":\"CollectionPage\",\"@id\":\"https:\\\/\\\/www.vallonchene.fr\\\/de\\\/produkt-kategorie\\\/online-verkauf-de\\\/baumschule-gaertnerei-de\\\/stauden-de\\\/\",\"url\":\"https:\\\/\\\/www.vallonchene.fr\\\/de\\\/produkt-kategorie\\\/online-verkauf-de\\\/baumschule-gaertnerei-de\\\/stauden-de\\\/\",\"name\":\"Stauden - Heuchera, Hosta, Gr\u00e4ser, Phlox, Sempervivum, ...\",\"isPartOf\":{\"@id\":\"https:\\\/\\\/www.vallonchene.fr\\\/de\\\/#website\"},\"description\":\"Wenn man einen Garten mit einer Kathedrale vergleicht, dann k\u00f6nnen die Stauden im Garten als die bunten Glasfenster bezeichnet werden. Der Ausdruck \\\"Stauden\\\" sc\",\"breadcrumb\":{\"@id\":\"https:\\\/\\\/www.vallonchene.fr\\\/de\\\/produkt-kategorie\\\/online-verkauf-de\\\/baumschule-gaertnerei-de\\\/stauden-de\\\/#breadcrumb\"},\"inLanguage\":\"de\"},{\"@type\":\"BreadcrumbList\",\"@id\":\"https:\\\/\\\/www.vallonchene.fr\\\/de\\\/produkt-kategorie\\\/online-verkauf-de\\\/baumschule-gaertnerei-de\\\/stauden-de\\\/#breadcrumb\",\"itemListElement\":[{\"@type\":\"ListItem\",\"position\":1,\"name\":\"Home\",\"item\":\"https:\\\/\\\/www.vallonchene.fr\\\/de\\\/\"},{\"@type\":\"ListItem\",\"position\":2,\"name\":\"Online-Verkauf\",\"item\":\"https:\\\/\\\/www.vallonchene.fr\\\/de\\\/produkt-kategorie\\\/online-verkauf-de\\\/\"},{\"@type\":\"ListItem\",\"position\":3,\"name\":\"Baumschule\",\"item\":\"https:\\\/\\\/www.vallonchene.fr\\\/de\\\/produkt-kategorie\\\/online-verkauf-de\\\/baumschule-gaertnerei-de\\\/\"},{\"@type\":\"ListItem\",\"position\":4,\"name\":\"Stauden\"}]},{\"@type\":\"WebSite\",\"@id\":\"https:\\\/\\\/www.vallonchene.fr\\\/de\\\/#website\",\"url\":\"https:\\\/\\\/www.vallonchene.fr\\\/de\\\/\",\"name\":\"Vallonch\u00eane\",\"description\":\"Die Baumschule, bei der Qualit\u00e4t ihre Wurzeln hat \u2013 Tel.: +49 (0)6838-5399840\",\"publisher\":{\"@id\":\"https:\\\/\\\/www.vallonchene.fr\\\/de\\\/#organization\"},\"potentialAction\":[{\"@type\":\"SearchAction\",\"target\":{\"@type\":\"EntryPoint\",\"urlTemplate\":\"https:\\\/\\\/www.vallonchene.fr\\\/de\\\/?s={search_term_string}\"},\"query-input\":{\"@type\":\"PropertyValueSpecification\",\"valueRequired\":true,\"valueName\":\"search_term_string\"}}],\"inLanguage\":\"de\"},{\"@type\":\"Organization\",\"@id\":\"https:\\\/\\\/www.vallonchene.fr\\\/de\\\/#organization\",\"name\":\"VALLONCHENE\",\"url\":\"https:\\\/\\\/www.vallonchene.fr\\\/de\\\/\",\"logo\":{\"@type\":\"ImageObject\",\"inLanguage\":\"de\",\"@id\":\"https:\\\/\\\/www.vallonchene.fr\\\/de\\\/#\\\/schema\\\/logo\\\/image\\\/\",\"url\":\"https:\\\/\\\/www.vallonchene.fr\\\/wp-content\\\/uploads\\\/2023\\\/03\\\/Logo-Vallonchene-site-et-R_hauteur_100.png\",\"contentUrl\":\"https:\\\/\\\/www.vallonchene.fr\\\/wp-content\\\/uploads\\\/2023\\\/03\\\/Logo-Vallonchene-site-et-R_hauteur_100.png\",\"width\":221,\"height\":100,\"caption\":\"VALLONCHENE\"},\"image\":{\"@id\":\"https:\\\/\\\/www.vallonchene.fr\\\/de\\\/#\\\/schema\\\/logo\\\/image\\\/\"},\"sameAs\":[\"https:\\\/\\\/www.facebook.com\\\/vallonchene.fr\",\"https:\\\/\\\/www.instagram.com\\\/vallonchene\\\/\",\"https:\\\/\\\/www.pinterest.fr\\\/vallonchene\\\/\"],\"taxID\":\"49454502300017\",\"hasMerchantReturnPolicy\":{\"@type\":\"MerchantReturnPolicy\",\"merchantReturnLink\":\"https:\\\/\\\/www.vallonchene.fr\\\/remboursements_retours\\\/\"}}]}<\/script>\n<!-- \/ Yoast SEO Premium plugin. -->","yoast_head_json":{"title":"Stauden - Heuchera, Hosta, Gr\u00e4ser, Phlox, Sempervivum, ...","description":"Wenn man einen Garten mit einer Kathedrale vergleicht, dann k\u00f6nnen die Stauden im Garten als die bunten Glasfenster bezeichnet werden. Der Ausdruck \"Stauden\" sc","robots":{"index":"index","follow":"follow","max-snippet":"max-snippet:-1","max-image-preview":"max-image-preview:large","max-video-preview":"max-video-preview:-1"},"canonical":"https:\/\/www.vallonchene.fr\/de\/produkt-kategorie\/online-verkauf-de\/baumschule-gaertnerei-de\/stauden-de\/","og_locale":"de_DE","og_type":"article","og_title":"Stauden Archives","og_description":"Wenn man einen Garten mit einer Kathedrale vergleicht, dann k\u00f6nnen die Stauden im Garten als die bunten Glasfenster bezeichnet werden. Der Ausdruck \"Stauden\" sc","og_url":"https:\/\/www.vallonchene.fr\/de\/produkt-kategorie\/online-verkauf-de\/baumschule-gaertnerei-de\/stauden-de\/","og_site_name":"Vallonch\u00eane","twitter_card":"summary_large_image","schema":{"@context":"https:\/\/schema.org","@graph":[{"@type":"CollectionPage","@id":"https:\/\/www.vallonchene.fr\/de\/produkt-kategorie\/online-verkauf-de\/baumschule-gaertnerei-de\/stauden-de\/","url":"https:\/\/www.vallonchene.fr\/de\/produkt-kategorie\/online-verkauf-de\/baumschule-gaertnerei-de\/stauden-de\/","name":"Stauden - Heuchera, Hosta, Gr\u00e4ser, Phlox, Sempervivum, ...","isPartOf":{"@id":"https:\/\/www.vallonchene.fr\/de\/#website"},"description":"Wenn man einen Garten mit einer Kathedrale vergleicht, dann k\u00f6nnen die Stauden im Garten als die bunten Glasfenster bezeichnet werden. Der Ausdruck \"Stauden\" sc","breadcrumb":{"@id":"https:\/\/www.vallonchene.fr\/de\/produkt-kategorie\/online-verkauf-de\/baumschule-gaertnerei-de\/stauden-de\/#breadcrumb"},"inLanguage":"de"},{"@type":"BreadcrumbList","@id":"https:\/\/www.vallonchene.fr\/de\/produkt-kategorie\/online-verkauf-de\/baumschule-gaertnerei-de\/stauden-de\/#breadcrumb","itemListElement":[{"@type":"ListItem","position":1,"name":"Home","item":"https:\/\/www.vallonchene.fr\/de\/"},{"@type":"ListItem","position":2,"name":"Online-Verkauf","item":"https:\/\/www.vallonchene.fr\/de\/produkt-kategorie\/online-verkauf-de\/"},{"@type":"ListItem","position":3,"name":"Baumschule","item":"https:\/\/www.vallonchene.fr\/de\/produkt-kategorie\/online-verkauf-de\/baumschule-gaertnerei-de\/"},{"@type":"ListItem","position":4,"name":"Stauden"}]},{"@type":"WebSite","@id":"https:\/\/www.vallonchene.fr\/de\/#website","url":"https:\/\/www.vallonchene.fr\/de\/","name":"Vallonch\u00eane","description":"Die Baumschule, bei der Qualit\u00e4t ihre Wurzeln hat \u2013 Tel.: +49 (0)6838-5399840","publisher":{"@id":"https:\/\/www.vallonchene.fr\/de\/#organization"},"potentialAction":[{"@type":"SearchAction","target":{"@type":"EntryPoint","urlTemplate":"https:\/\/www.vallonchene.fr\/de\/?s={search_term_string}"},"query-input":{"@type":"PropertyValueSpecification","valueRequired":true,"valueName":"search_term_string"}}],"inLanguage":"de"},{"@type":"Organization","@id":"https:\/\/www.vallonchene.fr\/de\/#organization","name":"VALLONCHENE","url":"https:\/\/www.vallonchene.fr\/de\/","logo":{"@type":"ImageObject","inLanguage":"de","@id":"https:\/\/www.vallonchene.fr\/de\/#\/schema\/logo\/image\/","url":"https:\/\/www.vallonchene.fr\/wp-content\/uploads\/2023\/03\/Logo-Vallonchene-site-et-R_hauteur_100.png","contentUrl":"https:\/\/www.vallonchene.fr\/wp-content\/uploads\/2023\/03\/Logo-Vallonchene-site-et-R_hauteur_100.png","width":221,"height":100,"caption":"VALLONCHENE"},"image":{"@id":"https:\/\/www.vallonchene.fr\/de\/#\/schema\/logo\/image\/"},"sameAs":["https:\/\/www.facebook.com\/vallonchene.fr","https:\/\/www.instagram.com\/vallonchene\/","https:\/\/www.pinterest.fr\/vallonchene\/"],"taxID":"49454502300017","hasMerchantReturnPolicy":{"@type":"MerchantReturnPolicy","merchantReturnLink":"https:\/\/www.vallonchene.fr\/remboursements_retours\/"}}]}},"_links":{"self":[{"href":"https:\/\/www.vallonchene.fr\/de\/wp-json\/wp\/v2\/product_cat\/264","targetHints":{"allow":["GET"]}}],"collection":[{"href":"https:\/\/www.vallonchene.fr\/de\/wp-json\/wp\/v2\/product_cat"}],"about":[{"href":"https:\/\/www.vallonchene.fr\/de\/wp-json\/wp\/v2\/taxonomies\/product_cat"}],"up":[{"embeddable":true,"href":"https:\/\/www.vallonchene.fr\/de\/wp-json\/wp\/v2\/product_cat\/228"}],"wp:post_type":[{"href":"https:\/\/www.vallonchene.fr\/de\/wp-json\/wp\/v2\/product?product_cat=264"}],"curies":[{"name":"wp","href":"https:\/\/api.w.org\/{rel}","templated":true}]}}