{"id":54200,"date":"2025-07-02T15:34:10","date_gmt":"2025-07-02T13:34:10","guid":{"rendered":"https:\/\/www.vallonchene.fr\/?p=54200"},"modified":"2025-07-02T16:18:27","modified_gmt":"2025-07-02T14:18:27","slug":"die-baeume-im-garten-natuerliche-klimaanlagen-kohlenstoffspeicher-und-stille-helden","status":"publish","type":"post","link":"https:\/\/www.vallonchene.fr\/de\/die-baeume-im-garten-natuerliche-klimaanlagen-kohlenstoffspeicher-und-stille-helden\/","title":{"rendered":"Die B\u00e4ume im Garten: nat\u00fcrliche Klimaanlagen, Kohlenstoffspeicher und stille Helden"},"content":{"rendered":"\n<p>W\u00e4hrend die globalen Temperaturen steigen und St\u00e4dte zu Hitzeinseln werden, erweisen sich B\u00e4ume als unsere elegantesten Verb\u00fcndeten. Sie k\u00fchlen die Luft durch Transpiration \u2013 ein Prozess, bei dem sie Wasserdampf abgeben und wie eine nat\u00fcrliche Klimaanlage wirken. Ein einziger ausgewachsener Baum kann eine K\u00fchlleistung erbringen, die zehn Haushaltsklimager\u00e4ten entspricht \u2013 ohne auch nur eine Kilowattstunde zu verbrauchen.  <\/p>\n\n<p>Aber die B\u00e4ume h\u00f6ren hier nicht auf.<\/p>\n\n<h2 class=\"wp-block-heading wp-container-content-d8344436\" id=\"h-chaque-arbre-capture-du-carbone-y-compris-le-votre\">Jeder Baum bindet Kohlenstoff \u2013 auch ihren<\/h2>\n\n<p class=\"wp-container-content-d8344436\">B\u00e4ume stehen an vorderster Front im Kampf gegen den Klimawandel. Durch Fotosynthese nehmen sie Kohlendioxid (CO\u2082) \u2013 das wichtigste Treibhausgas \u2013 auf und speichern es in ihrem Stamm, ihren \u00c4sten, ihren Bl\u00e4ttern und sogar in ihren Wurzeln. <\/p>\n\n<ul class=\"wp-block-list\">\n<li>Ein junger Baum kann bis zu <strong>10 kg CO\u2082 pro Jahr<\/strong> aufnehmen \u2013 und mit zunehmendem Alter deutlich mehr.<\/li>\n\n\n\n<li>Sie speichern diesen Kohlenstoff \u00fcber <strong>Jahrzehnte, sogar Jahrhunderte<\/strong> hinweg, und wirken dabei als langfristige Kohlenstoffsenker.<\/li>\n\n\n\n<li>Auch <strong>kleine Gartenb\u00e4ume<\/strong> tragen zu diesem Umweltengagement bei. Wenn sie in den Stadtvierteln zahlreich gepflanzt werden, wird ihre Wirkung bedeutend. <\/li>\n<\/ul>\n\n<p>Ja, sogar der Zierbaum in der N\u00e4he Ihrer Terrasse arbeitet f\u00fcr die Atmosph\u00e4re.<\/p>\n\n<h2 class=\"wp-block-heading\" id=\"h-oui-vous-pouvez-planter-un-arbre-meme-dans-un-petit-jardin\">Ja, Sie k\u00f6nnen einen Baum pflanzen \u2013 sogar in einem kleinen Garten<\/h2>\n<div class=\"wp-block-image\">\n<figure class=\"alignright size-large is-resized has-custom-border\"><a href=\"https:\/\/www.vallonchene.fr\/wp-content\/uploads\/2025\/07\/Personnes-a-lombre-dun-abre-1024x683.webp\"><img decoding=\"async\" width=\"1024\" height=\"683\" src=\"https:\/\/www.vallonchene.fr\/wp-content\/uploads\/2025\/07\/Personnes-a-lombre-dun-abre-1024x683.webp\" alt=\"\" class=\"wp-image-54166\" style=\"border-radius:100px;width:355px;height:auto\" srcset=\"https:\/\/www.vallonchene.fr\/wp-content\/uploads\/2025\/07\/Personnes-a-lombre-dun-abre-1024x683.webp 1024w, https:\/\/www.vallonchene.fr\/wp-content\/uploads\/2025\/07\/Personnes-a-lombre-dun-abre-300x200.webp 300w, https:\/\/www.vallonchene.fr\/wp-content\/uploads\/2025\/07\/Personnes-a-lombre-dun-abre-768x512.webp 768w, https:\/\/www.vallonchene.fr\/wp-content\/uploads\/2025\/07\/Personnes-a-lombre-dun-abre-416x277.webp 416w, https:\/\/www.vallonchene.fr\/wp-content\/uploads\/2025\/07\/Personnes-a-lombre-dun-abre-64x43.webp 64w, https:\/\/www.vallonchene.fr\/wp-content\/uploads\/2025\/07\/Personnes-a-lombre-dun-abre.webp 1200w\" sizes=\"(max-width: 1024px) 100vw, 1024px\" \/><\/a><\/figure>\n<\/div>\n<p>Denken Sie, Ihr Garten sei zu klein? Lassen Sie sich nicht t\u00e4uschen! Es gibt viele Arten, die sich in begrenzten R\u00e4umen wohlf\u00fchlen und nicht h\u00f6her als 4 bis 5 Meter wachsen, wie zum Beispiel (klicken Sie, um anzusehen):  <\/p>\n\n<ul class=\"wp-block-list\">\n<li><a href=\"https:\/\/www.vallonchene.fr\/de\/produkt\/gleditsia-triacanthos-ruby-lace\/\"><strong>GLEDITSIA triacanthos &#8218;Ruby Lace&#8216;<\/strong><\/a><\/li>\n\n\n\n<li><a href=\"https:\/\/www.vallonchene.fr\/de\/produkt\/prunus-tai-haku\/\"><strong>PRUNUS &#8218;Tai-Haku&#8216;<\/strong><\/a><\/li>\n\n\n\n<li><a href=\"https:\/\/www.vallonchene.fr\/de\/produkt\/juglans-regia-purpurea\/\"><strong>JUGLANS regia &#8218;Purpurea&#8216;<\/strong><\/a><\/li>\n\n\n\n<li><strong><a href=\"https:\/\/www.vallonchene.fr\/de\/produkt\/frangula-alnus-aspleniifolia\/\">FRANGULA alnus &#8218;Aspleniifolia&#8216;<\/a><\/strong><\/li>\n\n\n\n<li><a href=\"https:\/\/www.vallonchene.fr\/de\/produkt\/parrotia-persica\/\"><strong>PARROTIA persica<\/strong><\/a><\/li>\n<\/ul>\n\n<p><strong>Diese Liste ist nicht vollst\u00e4ndig \u2013 z\u00f6gern Sie nicht, uns unter <a href=\"tel:+33235900202\">+33 2.35.90.02.02<\/a><\/strong> anzurufen, damit wir gemeinsam einen Baum finden, der perfekt zu Ihrem Garten passt.<\/p>\n\n<p>Diese B\u00e4ume gedeihen in kleinen Erdflecken oder gro\u00dfen T\u00f6pfen und bieten dabei Schatten, Struktur und Biodiversit\u00e4t. <\/p>\n\n<h2 class=\"wp-block-heading\" id=\"h-n-ayez-pas-peur-des-racines-demystifions-les-idees-recues\">Haben Sie keine Angst vor den Wurzeln \u2013 lassen Sie uns mit verbreiteten Irrt\u00fcmern aufr\u00e4umen<\/h2>\n\n<p>Ein weit verbreiteter Glaube besagt, dass Baumwurzeln Rohrleitungen zerst\u00f6ren oder Fundamente besch\u00e4digen. In Wirklichkeit: <\/p>\n\n<ul class=\"wp-block-list\">\n<li>Die Mehrheit der Wurzeln entwickelt sich in den <strong>oberen 30 bis 50 Zentimetern<\/strong> des Bodens und breitet sich eher in der Breite als in der Tiefe aus.<\/li>\n\n\n\n<li>Wurzeln zerst\u00f6ren keine Rohre \u2013 sie folgen der Feuchtigkeit. Intakte Rohrleitungen sind nicht gef\u00e4hrdet. <\/li>\n\n\n\n<li>Der Umfang der Wurzeln ist in der Regel <strong>proportional zur Gr\u00f6\u00dfe des Baumes<\/strong>, und die entferntesten Wurzeln sind <strong>d\u00fcnn und flexibel<\/strong> \u2013 nicht dick oder zerst\u00f6rerisch.<\/li>\n<\/ul>\n\n<p>Mit ein wenig gesundem Menschenverstand stellen Wurzeln kein Problem dar.<\/p>\n\n<h2 class=\"wp-block-heading\" id=\"h-votre-jardin-votre-heritage\">Ihr Garten, Ihr Erbe<\/h2>\n\n<p>Einen Baum zu pflanzen bedeutet weit mehr als nur zu g\u00e4rtnern \u2013 es ist eine konkrete Handlung f\u00fcr das Klima. B\u00e4ume: <\/p>\n\n<ul class=\"wp-block-list\">\n<li>K\u00fchlen unsere Viertel.<\/li>\n\n\n\n<li>Reinigen die Luft.<\/li>\n\n\n\n<li>Binden Kohlenstoff.<\/li>\n\n\n\n<li>F\u00f6rdern die Artenvielfalt.<\/li>\n\n\n\n<li>Spenden Schatten, Ruhe, Privatsph\u00e4re und Sch\u00f6nheit.<\/li>\n<\/ul>\n\n<p>Und all das kann auf einer Fl\u00e4che von 5 m\u00b2 oder in einem gro\u00dfen Topf auf einem Balkon beginnen.<\/p>\n\n<h2 class=\"wp-block-heading\" id=\"h-l-arbre-d-a-cote-peut-sauver-la-planete\">Der Baum nebenan kann den Planeten retten<\/h2>\n\n<p>Stellen Sie sich vor, jeder kleine Garten h\u00e4tte einen Baum. Stellen Sie sich Viertel vor, verbunden durch Bl\u00e4tterd\u00e4cher, Schatten, Vogelgesang und Wurzeln, die Kohlenstoff speichern. <\/p>\n\n<p>Einen Baum zu pflanzen ist nicht nur ein Hobby \u2013 es ist eine stille Revolution.<\/p>\n\n<p>Also \u2026 was werden Sie dieses Jahr pflanzen?<\/p>\n","protected":false},"excerpt":{"rendered":"<p>W\u00e4hrend die globalen Temperaturen steigen und St\u00e4dte zu Hitzeinseln werden, erweisen sich B\u00e4ume als unsere elegantesten Verb\u00fcndeten. Sie k\u00fchlen die Luft durch Transpiration \u2013 ein Prozess, bei dem sie Wasserdampf abgeben und wie eine nat\u00fcrliche Klimaanlage wirken. Ein einziger ausgewachsener Baum kann eine K\u00fchlleistung erbringen, die zehn Haushaltsklimager\u00e4ten entspricht \u2013 ohne auch nur eine Kilowattstunde [&hellip;]<\/p>\n","protected":false},"author":1,"featured_media":54175,"comment_status":"open","ping_status":"open","sticky":false,"template":"","format":"standard","meta":{"footnotes":""},"categories":[12599,16],"tags":[],"class_list":["post-54200","post","type-post","status-publish","format-standard","has-post-thumbnail","hentry","category-gartenarbeit-naturliches-leben","category-unkategorisiert"],"yoast_head":"<!-- This site is optimized with the Yoast SEO Premium plugin v27.4 (Yoast SEO v27.4) - https:\/\/yoast.com\/product\/yoast-seo-premium-wordpress\/ -->\n<title>Die B\u00e4ume im Garten: nat\u00fcrliche Klimaanlagen, Kohlenstoffspeicher und stille Helden - Vallonch\u00eane<\/title>\n<meta name=\"robots\" content=\"index, follow, max-snippet:-1, max-image-preview:large, max-video-preview:-1\" \/>\n<link rel=\"canonical\" href=\"https:\/\/www.vallonchene.fr\/de\/die-baeume-im-garten-natuerliche-klimaanlagen-kohlenstoffspeicher-und-stille-helden\/\" \/>\n<meta property=\"og:locale\" content=\"de_DE\" \/>\n<meta property=\"og:type\" content=\"article\" \/>\n<meta property=\"og:title\" content=\"Die B\u00e4ume im Garten: nat\u00fcrliche Klimaanlagen, Kohlenstoffspeicher und stille Helden\" \/>\n<meta property=\"og:description\" content=\"W\u00e4hrend die globalen Temperaturen steigen und St\u00e4dte zu Hitzeinseln werden, erweisen sich B\u00e4ume als unsere elegantesten Verb\u00fcndeten. Sie k\u00fchlen die Luft durch Transpiration \u2013 ein Prozess, bei dem sie Wasserdampf abgeben und wie eine nat\u00fcrliche Klimaanlage wirken. Ein einziger ausgewachsener Baum kann eine K\u00fchlleistung erbringen, die zehn Haushaltsklimager\u00e4ten entspricht \u2013 ohne auch nur eine Kilowattstunde [&hellip;]\" \/>\n<meta property=\"og:url\" content=\"https:\/\/www.vallonchene.fr\/de\/die-baeume-im-garten-natuerliche-klimaanlagen-kohlenstoffspeicher-und-stille-helden\/\" \/>\n<meta property=\"og:site_name\" content=\"Vallonch\u00eane\" \/>\n<meta property=\"article:publisher\" content=\"https:\/\/www.facebook.com\/vallonchene.fr\" \/>\n<meta property=\"article:author\" content=\"https:\/\/www.facebook.com\/vallonchene.fr\" \/>\n<meta property=\"article:published_time\" content=\"2025-07-02T13:34:10+00:00\" \/>\n<meta property=\"article:modified_time\" content=\"2025-07-02T14:18:27+00:00\" \/>\n<meta property=\"og:image\" content=\"https:\/\/www.vallonchene.fr\/wp-content\/uploads\/2025\/07\/PARROTIA-persica_03.webp\" \/>\n\t<meta property=\"og:image:width\" content=\"1200\" \/>\n\t<meta property=\"og:image:height\" content=\"399\" \/>\n\t<meta property=\"og:image:type\" content=\"image\/webp\" \/>\n<meta name=\"author\" content=\"Vallonch\u00eane\" \/>\n<meta name=\"twitter:card\" content=\"summary_large_image\" \/>\n<meta name=\"twitter:label1\" content=\"Verfasst von\" \/>\n\t<meta name=\"twitter:data1\" content=\"Vallonch\u00eane\" \/>\n\t<meta name=\"twitter:label2\" content=\"Gesch\u00e4tzte Lesezeit\" \/>\n\t<meta name=\"twitter:data2\" content=\"3\u00a0Minuten\" \/>\n<script type=\"application\/ld+json\" class=\"yoast-schema-graph\">{\"@context\":\"https:\\\/\\\/schema.org\",\"@graph\":[{\"@type\":\"Article\",\"@id\":\"https:\\\/\\\/www.vallonchene.fr\\\/de\\\/die-baeume-im-garten-natuerliche-klimaanlagen-kohlenstoffspeicher-und-stille-helden\\\/#article\",\"isPartOf\":{\"@id\":\"https:\\\/\\\/www.vallonchene.fr\\\/de\\\/die-baeume-im-garten-natuerliche-klimaanlagen-kohlenstoffspeicher-und-stille-helden\\\/\"},\"author\":{\"name\":\"Vallonch\u00eane\",\"@id\":\"https:\\\/\\\/www.vallonchene.fr\\\/de\\\/#\\\/schema\\\/person\\\/e0333176b10d7aea832c0f881bce1ea9\"},\"headline\":\"Die B\u00e4ume im Garten: nat\u00fcrliche Klimaanlagen, Kohlenstoffspeicher und stille Helden\",\"datePublished\":\"2025-07-02T13:34:10+00:00\",\"dateModified\":\"2025-07-02T14:18:27+00:00\",\"mainEntityOfPage\":{\"@id\":\"https:\\\/\\\/www.vallonchene.fr\\\/de\\\/die-baeume-im-garten-natuerliche-klimaanlagen-kohlenstoffspeicher-und-stille-helden\\\/\"},\"wordCount\":541,\"commentCount\":0,\"publisher\":{\"@id\":\"https:\\\/\\\/www.vallonchene.fr\\\/de\\\/#organization\"},\"image\":{\"@id\":\"https:\\\/\\\/www.vallonchene.fr\\\/de\\\/die-baeume-im-garten-natuerliche-klimaanlagen-kohlenstoffspeicher-und-stille-helden\\\/#primaryimage\"},\"thumbnailUrl\":\"https:\\\/\\\/www.vallonchene.fr\\\/wp-content\\\/uploads\\\/2025\\\/07\\\/PARROTIA-persica_03.webp\",\"articleSection\":[\"Gartenarbeit &amp; Nat\u00fcrliches Leben\",\"Unkategorisiert\"],\"inLanguage\":\"de\",\"potentialAction\":[{\"@type\":\"CommentAction\",\"name\":\"Comment\",\"target\":[\"https:\\\/\\\/www.vallonchene.fr\\\/de\\\/die-baeume-im-garten-natuerliche-klimaanlagen-kohlenstoffspeicher-und-stille-helden\\\/#respond\"]}]},{\"@type\":\"WebPage\",\"@id\":\"https:\\\/\\\/www.vallonchene.fr\\\/de\\\/die-baeume-im-garten-natuerliche-klimaanlagen-kohlenstoffspeicher-und-stille-helden\\\/\",\"url\":\"https:\\\/\\\/www.vallonchene.fr\\\/de\\\/die-baeume-im-garten-natuerliche-klimaanlagen-kohlenstoffspeicher-und-stille-helden\\\/\",\"name\":\"Die B\u00e4ume im Garten: nat\u00fcrliche Klimaanlagen, Kohlenstoffspeicher und stille Helden - Vallonch\u00eane\",\"isPartOf\":{\"@id\":\"https:\\\/\\\/www.vallonchene.fr\\\/de\\\/#website\"},\"primaryImageOfPage\":{\"@id\":\"https:\\\/\\\/www.vallonchene.fr\\\/de\\\/die-baeume-im-garten-natuerliche-klimaanlagen-kohlenstoffspeicher-und-stille-helden\\\/#primaryimage\"},\"image\":{\"@id\":\"https:\\\/\\\/www.vallonchene.fr\\\/de\\\/die-baeume-im-garten-natuerliche-klimaanlagen-kohlenstoffspeicher-und-stille-helden\\\/#primaryimage\"},\"thumbnailUrl\":\"https:\\\/\\\/www.vallonchene.fr\\\/wp-content\\\/uploads\\\/2025\\\/07\\\/PARROTIA-persica_03.webp\",\"datePublished\":\"2025-07-02T13:34:10+00:00\",\"dateModified\":\"2025-07-02T14:18:27+00:00\",\"breadcrumb\":{\"@id\":\"https:\\\/\\\/www.vallonchene.fr\\\/de\\\/die-baeume-im-garten-natuerliche-klimaanlagen-kohlenstoffspeicher-und-stille-helden\\\/#breadcrumb\"},\"inLanguage\":\"de\",\"potentialAction\":[{\"@type\":\"ReadAction\",\"target\":[\"https:\\\/\\\/www.vallonchene.fr\\\/de\\\/die-baeume-im-garten-natuerliche-klimaanlagen-kohlenstoffspeicher-und-stille-helden\\\/\"]}]},{\"@type\":\"ImageObject\",\"inLanguage\":\"de\",\"@id\":\"https:\\\/\\\/www.vallonchene.fr\\\/de\\\/die-baeume-im-garten-natuerliche-klimaanlagen-kohlenstoffspeicher-und-stille-helden\\\/#primaryimage\",\"url\":\"https:\\\/\\\/www.vallonchene.fr\\\/wp-content\\\/uploads\\\/2025\\\/07\\\/PARROTIA-persica_03.webp\",\"contentUrl\":\"https:\\\/\\\/www.vallonchene.fr\\\/wp-content\\\/uploads\\\/2025\\\/07\\\/PARROTIA-persica_03.webp\",\"width\":1200,\"height\":399,\"caption\":\"Toll gef\u00e4rbtes Herbstlaub von PARROTIA persica\"},{\"@type\":\"BreadcrumbList\",\"@id\":\"https:\\\/\\\/www.vallonchene.fr\\\/de\\\/die-baeume-im-garten-natuerliche-klimaanlagen-kohlenstoffspeicher-und-stille-helden\\\/#breadcrumb\",\"itemListElement\":[{\"@type\":\"ListItem\",\"position\":1,\"name\":\"Home\",\"item\":\"https:\\\/\\\/www.vallonchene.fr\\\/de\\\/\"},{\"@type\":\"ListItem\",\"position\":2,\"name\":\"Publikationen\",\"item\":\"https:\\\/\\\/www.vallonchene.fr\\\/de\\\/category\\\/publikationen\\\/\"},{\"@type\":\"ListItem\",\"position\":3,\"name\":\"Gartenarbeit &amp; Nat\u00fcrliches Leben\",\"item\":\"https:\\\/\\\/www.vallonchene.fr\\\/de\\\/category\\\/publikationen\\\/gartenarbeit-naturliches-leben\\\/\"},{\"@type\":\"ListItem\",\"position\":4,\"name\":\"Die B\u00e4ume im Garten: nat\u00fcrliche Klimaanlagen, Kohlenstoffspeicher und stille Helden\"}]},{\"@type\":\"WebSite\",\"@id\":\"https:\\\/\\\/www.vallonchene.fr\\\/de\\\/#website\",\"url\":\"https:\\\/\\\/www.vallonchene.fr\\\/de\\\/\",\"name\":\"Vallonch\u00eane\",\"description\":\"Die Baumschule, bei der Qualit\u00e4t ihre Wurzeln hat \u2013 Tel.: +49 (0)6838-5399840\",\"publisher\":{\"@id\":\"https:\\\/\\\/www.vallonchene.fr\\\/de\\\/#organization\"},\"potentialAction\":[{\"@type\":\"SearchAction\",\"target\":{\"@type\":\"EntryPoint\",\"urlTemplate\":\"https:\\\/\\\/www.vallonchene.fr\\\/de\\\/?s={search_term_string}\"},\"query-input\":{\"@type\":\"PropertyValueSpecification\",\"valueRequired\":true,\"valueName\":\"search_term_string\"}}],\"inLanguage\":\"de\"},{\"@type\":\"Organization\",\"@id\":\"https:\\\/\\\/www.vallonchene.fr\\\/de\\\/#organization\",\"name\":\"VALLONCHENE\",\"url\":\"https:\\\/\\\/www.vallonchene.fr\\\/de\\\/\",\"logo\":{\"@type\":\"ImageObject\",\"inLanguage\":\"de\",\"@id\":\"https:\\\/\\\/www.vallonchene.fr\\\/de\\\/#\\\/schema\\\/logo\\\/image\\\/\",\"url\":\"https:\\\/\\\/www.vallonchene.fr\\\/wp-content\\\/uploads\\\/2023\\\/03\\\/Logo-Vallonchene-site-et-R_hauteur_100.png\",\"contentUrl\":\"https:\\\/\\\/www.vallonchene.fr\\\/wp-content\\\/uploads\\\/2023\\\/03\\\/Logo-Vallonchene-site-et-R_hauteur_100.png\",\"width\":221,\"height\":100,\"caption\":\"VALLONCHENE\"},\"image\":{\"@id\":\"https:\\\/\\\/www.vallonchene.fr\\\/de\\\/#\\\/schema\\\/logo\\\/image\\\/\"},\"sameAs\":[\"https:\\\/\\\/www.facebook.com\\\/vallonchene.fr\",\"https:\\\/\\\/www.instagram.com\\\/vallonchene\\\/\",\"https:\\\/\\\/www.pinterest.fr\\\/vallonchene\\\/\"],\"taxID\":\"49454502300017\",\"hasMerchantReturnPolicy\":{\"@type\":\"MerchantReturnPolicy\",\"merchantReturnLink\":\"https:\\\/\\\/www.vallonchene.fr\\\/remboursements_retours\\\/\"}},{\"@type\":\"Person\",\"@id\":\"https:\\\/\\\/www.vallonchene.fr\\\/de\\\/#\\\/schema\\\/person\\\/e0333176b10d7aea832c0f881bce1ea9\",\"name\":\"Vallonch\u00eane\",\"sameAs\":[\"https:\\\/\\\/www.vallonchene.fr\\\/\",\"https:\\\/\\\/www.facebook.com\\\/vallonchene.fr\",\"https:\\\/\\\/www.instagram.com\\\/vallonchene\\\/\",\"https:\\\/\\\/www.pinterest.fr\\\/vallonchene\\\/\"],\"url\":\"https:\\\/\\\/www.vallonchene.fr\\\/de\\\/author\\\/vallonchene\\\/\"}]}<\/script>\n<!-- \/ Yoast SEO Premium plugin. -->","yoast_head_json":{"title":"Die B\u00e4ume im Garten: nat\u00fcrliche Klimaanlagen, Kohlenstoffspeicher und stille Helden - Vallonch\u00eane","robots":{"index":"index","follow":"follow","max-snippet":"max-snippet:-1","max-image-preview":"max-image-preview:large","max-video-preview":"max-video-preview:-1"},"canonical":"https:\/\/www.vallonchene.fr\/de\/die-baeume-im-garten-natuerliche-klimaanlagen-kohlenstoffspeicher-und-stille-helden\/","og_locale":"de_DE","og_type":"article","og_title":"Die B\u00e4ume im Garten: nat\u00fcrliche Klimaanlagen, Kohlenstoffspeicher und stille Helden","og_description":"W\u00e4hrend die globalen Temperaturen steigen und St\u00e4dte zu Hitzeinseln werden, erweisen sich B\u00e4ume als unsere elegantesten Verb\u00fcndeten. Sie k\u00fchlen die Luft durch Transpiration \u2013 ein Prozess, bei dem sie Wasserdampf abgeben und wie eine nat\u00fcrliche Klimaanlage wirken. Ein einziger ausgewachsener Baum kann eine K\u00fchlleistung erbringen, die zehn Haushaltsklimager\u00e4ten entspricht \u2013 ohne auch nur eine Kilowattstunde [&hellip;]","og_url":"https:\/\/www.vallonchene.fr\/de\/die-baeume-im-garten-natuerliche-klimaanlagen-kohlenstoffspeicher-und-stille-helden\/","og_site_name":"Vallonch\u00eane","article_publisher":"https:\/\/www.facebook.com\/vallonchene.fr","article_author":"https:\/\/www.facebook.com\/vallonchene.fr","article_published_time":"2025-07-02T13:34:10+00:00","article_modified_time":"2025-07-02T14:18:27+00:00","og_image":[{"width":1200,"height":399,"url":"https:\/\/www.vallonchene.fr\/wp-content\/uploads\/2025\/07\/PARROTIA-persica_03.webp","type":"image\/webp"}],"author":"Vallonch\u00eane","twitter_card":"summary_large_image","twitter_misc":{"Verfasst von":"Vallonch\u00eane","Gesch\u00e4tzte Lesezeit":"3\u00a0Minuten"},"schema":{"@context":"https:\/\/schema.org","@graph":[{"@type":"Article","@id":"https:\/\/www.vallonchene.fr\/de\/die-baeume-im-garten-natuerliche-klimaanlagen-kohlenstoffspeicher-und-stille-helden\/#article","isPartOf":{"@id":"https:\/\/www.vallonchene.fr\/de\/die-baeume-im-garten-natuerliche-klimaanlagen-kohlenstoffspeicher-und-stille-helden\/"},"author":{"name":"Vallonch\u00eane","@id":"https:\/\/www.vallonchene.fr\/de\/#\/schema\/person\/e0333176b10d7aea832c0f881bce1ea9"},"headline":"Die B\u00e4ume im Garten: nat\u00fcrliche Klimaanlagen, Kohlenstoffspeicher und stille Helden","datePublished":"2025-07-02T13:34:10+00:00","dateModified":"2025-07-02T14:18:27+00:00","mainEntityOfPage":{"@id":"https:\/\/www.vallonchene.fr\/de\/die-baeume-im-garten-natuerliche-klimaanlagen-kohlenstoffspeicher-und-stille-helden\/"},"wordCount":541,"commentCount":0,"publisher":{"@id":"https:\/\/www.vallonchene.fr\/de\/#organization"},"image":{"@id":"https:\/\/www.vallonchene.fr\/de\/die-baeume-im-garten-natuerliche-klimaanlagen-kohlenstoffspeicher-und-stille-helden\/#primaryimage"},"thumbnailUrl":"https:\/\/www.vallonchene.fr\/wp-content\/uploads\/2025\/07\/PARROTIA-persica_03.webp","articleSection":["Gartenarbeit &amp; Nat\u00fcrliches Leben","Unkategorisiert"],"inLanguage":"de","potentialAction":[{"@type":"CommentAction","name":"Comment","target":["https:\/\/www.vallonchene.fr\/de\/die-baeume-im-garten-natuerliche-klimaanlagen-kohlenstoffspeicher-und-stille-helden\/#respond"]}]},{"@type":"WebPage","@id":"https:\/\/www.vallonchene.fr\/de\/die-baeume-im-garten-natuerliche-klimaanlagen-kohlenstoffspeicher-und-stille-helden\/","url":"https:\/\/www.vallonchene.fr\/de\/die-baeume-im-garten-natuerliche-klimaanlagen-kohlenstoffspeicher-und-stille-helden\/","name":"Die B\u00e4ume im Garten: nat\u00fcrliche Klimaanlagen, Kohlenstoffspeicher und stille Helden - Vallonch\u00eane","isPartOf":{"@id":"https:\/\/www.vallonchene.fr\/de\/#website"},"primaryImageOfPage":{"@id":"https:\/\/www.vallonchene.fr\/de\/die-baeume-im-garten-natuerliche-klimaanlagen-kohlenstoffspeicher-und-stille-helden\/#primaryimage"},"image":{"@id":"https:\/\/www.vallonchene.fr\/de\/die-baeume-im-garten-natuerliche-klimaanlagen-kohlenstoffspeicher-und-stille-helden\/#primaryimage"},"thumbnailUrl":"https:\/\/www.vallonchene.fr\/wp-content\/uploads\/2025\/07\/PARROTIA-persica_03.webp","datePublished":"2025-07-02T13:34:10+00:00","dateModified":"2025-07-02T14:18:27+00:00","breadcrumb":{"@id":"https:\/\/www.vallonchene.fr\/de\/die-baeume-im-garten-natuerliche-klimaanlagen-kohlenstoffspeicher-und-stille-helden\/#breadcrumb"},"inLanguage":"de","potentialAction":[{"@type":"ReadAction","target":["https:\/\/www.vallonchene.fr\/de\/die-baeume-im-garten-natuerliche-klimaanlagen-kohlenstoffspeicher-und-stille-helden\/"]}]},{"@type":"ImageObject","inLanguage":"de","@id":"https:\/\/www.vallonchene.fr\/de\/die-baeume-im-garten-natuerliche-klimaanlagen-kohlenstoffspeicher-und-stille-helden\/#primaryimage","url":"https:\/\/www.vallonchene.fr\/wp-content\/uploads\/2025\/07\/PARROTIA-persica_03.webp","contentUrl":"https:\/\/www.vallonchene.fr\/wp-content\/uploads\/2025\/07\/PARROTIA-persica_03.webp","width":1200,"height":399,"caption":"Toll gef\u00e4rbtes Herbstlaub von PARROTIA persica"},{"@type":"BreadcrumbList","@id":"https:\/\/www.vallonchene.fr\/de\/die-baeume-im-garten-natuerliche-klimaanlagen-kohlenstoffspeicher-und-stille-helden\/#breadcrumb","itemListElement":[{"@type":"ListItem","position":1,"name":"Home","item":"https:\/\/www.vallonchene.fr\/de\/"},{"@type":"ListItem","position":2,"name":"Publikationen","item":"https:\/\/www.vallonchene.fr\/de\/category\/publikationen\/"},{"@type":"ListItem","position":3,"name":"Gartenarbeit &amp; Nat\u00fcrliches Leben","item":"https:\/\/www.vallonchene.fr\/de\/category\/publikationen\/gartenarbeit-naturliches-leben\/"},{"@type":"ListItem","position":4,"name":"Die B\u00e4ume im Garten: nat\u00fcrliche Klimaanlagen, Kohlenstoffspeicher und stille Helden"}]},{"@type":"WebSite","@id":"https:\/\/www.vallonchene.fr\/de\/#website","url":"https:\/\/www.vallonchene.fr\/de\/","name":"Vallonch\u00eane","description":"Die Baumschule, bei der Qualit\u00e4t ihre Wurzeln hat \u2013 Tel.: +49 (0)6838-5399840","publisher":{"@id":"https:\/\/www.vallonchene.fr\/de\/#organization"},"potentialAction":[{"@type":"SearchAction","target":{"@type":"EntryPoint","urlTemplate":"https:\/\/www.vallonchene.fr\/de\/?s={search_term_string}"},"query-input":{"@type":"PropertyValueSpecification","valueRequired":true,"valueName":"search_term_string"}}],"inLanguage":"de"},{"@type":"Organization","@id":"https:\/\/www.vallonchene.fr\/de\/#organization","name":"VALLONCHENE","url":"https:\/\/www.vallonchene.fr\/de\/","logo":{"@type":"ImageObject","inLanguage":"de","@id":"https:\/\/www.vallonchene.fr\/de\/#\/schema\/logo\/image\/","url":"https:\/\/www.vallonchene.fr\/wp-content\/uploads\/2023\/03\/Logo-Vallonchene-site-et-R_hauteur_100.png","contentUrl":"https:\/\/www.vallonchene.fr\/wp-content\/uploads\/2023\/03\/Logo-Vallonchene-site-et-R_hauteur_100.png","width":221,"height":100,"caption":"VALLONCHENE"},"image":{"@id":"https:\/\/www.vallonchene.fr\/de\/#\/schema\/logo\/image\/"},"sameAs":["https:\/\/www.facebook.com\/vallonchene.fr","https:\/\/www.instagram.com\/vallonchene\/","https:\/\/www.pinterest.fr\/vallonchene\/"],"taxID":"49454502300017","hasMerchantReturnPolicy":{"@type":"MerchantReturnPolicy","merchantReturnLink":"https:\/\/www.vallonchene.fr\/remboursements_retours\/"}},{"@type":"Person","@id":"https:\/\/www.vallonchene.fr\/de\/#\/schema\/person\/e0333176b10d7aea832c0f881bce1ea9","name":"Vallonch\u00eane","sameAs":["https:\/\/www.vallonchene.fr\/","https:\/\/www.facebook.com\/vallonchene.fr","https:\/\/www.instagram.com\/vallonchene\/","https:\/\/www.pinterest.fr\/vallonchene\/"],"url":"https:\/\/www.vallonchene.fr\/de\/author\/vallonchene\/"}]}},"_links":{"self":[{"href":"https:\/\/www.vallonchene.fr\/de\/wp-json\/wp\/v2\/posts\/54200","targetHints":{"allow":["GET"]}}],"collection":[{"href":"https:\/\/www.vallonchene.fr\/de\/wp-json\/wp\/v2\/posts"}],"about":[{"href":"https:\/\/www.vallonchene.fr\/de\/wp-json\/wp\/v2\/types\/post"}],"author":[{"embeddable":true,"href":"https:\/\/www.vallonchene.fr\/de\/wp-json\/wp\/v2\/users\/1"}],"replies":[{"embeddable":true,"href":"https:\/\/www.vallonchene.fr\/de\/wp-json\/wp\/v2\/comments?post=54200"}],"version-history":[{"count":0,"href":"https:\/\/www.vallonchene.fr\/de\/wp-json\/wp\/v2\/posts\/54200\/revisions"}],"wp:featuredmedia":[{"embeddable":true,"href":"https:\/\/www.vallonchene.fr\/de\/wp-json\/wp\/v2\/media\/54175"}],"wp:attachment":[{"href":"https:\/\/www.vallonchene.fr\/de\/wp-json\/wp\/v2\/media?parent=54200"}],"wp:term":[{"taxonomy":"category","embeddable":true,"href":"https:\/\/www.vallonchene.fr\/de\/wp-json\/wp\/v2\/categories?post=54200"},{"taxonomy":"post_tag","embeddable":true,"href":"https:\/\/www.vallonchene.fr\/de\/wp-json\/wp\/v2\/tags?post=54200"}],"curies":[{"name":"wp","href":"https:\/\/api.w.org\/{rel}","templated":true}]}}